{"id":4345,"date":"2022-03-22T18:10:13","date_gmt":"2022-03-22T18:10:13","guid":{"rendered":"https:\/\/krankenhauspfarramt.de\/index.php\/2022\/03\/22\/schutzsuchende-aus-der-ukraine-brauchen-klarheit-und-sicherheit-ekd\/"},"modified":"2022-03-22T18:10:20","modified_gmt":"2022-03-22T18:10:20","slug":"schutzsuchende-aus-der-ukraine-brauchen-klarheit-und-sicherheit-ekd","status":"publish","type":"post","link":"https:\/\/krankenhauspfarramt.de\/index.php\/2022\/03\/22\/schutzsuchende-aus-der-ukraine-brauchen-klarheit-und-sicherheit-ekd\/","title":{"rendered":"Schutzsuchende aus der Ukraine brauchen Klarheit und Sicherheit \u2013 EKD"},"content":{"rendered":"<p> <br \/>\n<\/p>\n<div id=\"\">\n<div class=\"article--meta article--meta__border clearfix\">\n<p>                                    <time datetime=\"22.03.2022 10:00\" class=\"article--time\">22.03.2022<\/time><strong class=\"article--type primus--overline\">Pressemitteilung<\/strong><\/p>\n<picture class=\"article--source-image image\"><source srcset=\"https:\/\/www.ekd.de\/ekd_de\/ds_img\/assets\/20170622_ekd-Quellenlogo_141_rdax_423x118.png\"><!--<source srcset=\"\/ekd_de\/ds_img\/assets\/20170622_ekd-Quellenlogo_141_rdax_141x39.png 1x, \/ekd_de\/ds_img\/assets\/20170622_ekd-Quellenlogo_141_rdax_282x78.png 2x, https:\/\/www.ekd.de\/ekd_de\/ds_img\/assets\/20170622_ekd-Quellenlogo_141_rdax_423x118.png 3x\">--><\/source><\/picture>\n<\/p><\/div>\n<h2 class=\"article--sub-headline primus--sub-headline\">Pr\u00e4ses der EKD-Synode appelliert an Regierungen in Deutschland und Europa<\/h2>\n<\/p><\/div>\n<div id=\"\">\n<p>Die Pr\u00e4ses der Synode der Evangelischen Kirche in Deutschland (EKD), Anna-Nicole Heinrich, hat die Verantwortlichen in Bundesregierung und EU dazu aufgerufen, f\u00fcr eine z\u00fcgige und sichere Verteilung von Gefl\u00fcchteten in Deutschland und Europa zu sorgen. Nach ihrem gestrigen Besuch in der Welcome Hall der Berliner Stadtmission auf dem Washingtonplatz vor dem Hauptbahnhof in Berlin sagt Heinrich:<\/p>\n<p>\u201eEs ist wichtig, dass die Frauen und Kinder, die aus dem Kriegsgebiet in der Ukraine nach entbehrungsreichen Reisen ersch\u00f6pft in Berlin ankommen, in der Welcome Hall vor dem Hauptbahnhof erst einmal versorgt werden. Das Engagement der unz\u00e4hligen Ehrenamtlichen, die dazu einen Beitrag leisten, und die Not der Menschen lindern wollen, ist wirklich gro\u00dfartig. Im Zelt wird f\u00fcr viele ein Moment der Sicherheit hergestellt. Doch der endet oft abrupt. Gefl\u00fcchtete brauchen nach ihrer Ankunft Klarheit, die es noch nicht ausreichend gibt. Die Hauptverkehrspunkte, an denen ukrainische Gefl\u00fcchtete ankommen, sind \u00fcberlastet. F\u00fcr die Situation der Gefl\u00fcchteten ist es jetzt unerl\u00e4sslich, dass die staatlichen Stellen in Deutschland und in der Europ\u00e4ischen Union alles daf\u00fcr tun, Ordnung in die Verteilung zu bringen und dabei die Interessen der Schutzsuchenden ber\u00fccksichtigen, damit sie eine sichere Bleibe bekommen. Kommunikation und Koordination schafft Klarheit und Sicherheit, und das ist es, was die Menschen, die aus der Ukraine bei uns ankommen, dringend brauchen.\u201c<\/p>\n<p class=\"EKDFlietext\">Pr\u00e4ses Heinrich hatte sich am gestrigen Montag einen Eindruck von der Situation in der Welcome Hall gemacht und einen Abend lang mit den dortigen Helferinnen und Helfern mitgearbeitet.<\/p>\n<p class=\"Default\"><em>Hinweis: <\/em>Fotos von Pr\u00e4ses Anna-Nicole Heinrich in der Welcome Hall sind erh\u00e4ltlich bei der Bildagentur epd-Bild (www.epd-bild.de).<\/p>\n<p>Hannover, 22. M\u00e4rz 2022<\/p>\n<p>Pressestelle der EKD<br \/>Carsten Splitt<\/p>\n<\/div>\n","protected":false},"excerpt":{"rendered":"<p>22.03.2022Pressemitteilung Pr\u00e4ses der EKD-Synode appelliert an Regierungen in Deutschland und Europa Die Pr\u00e4ses der Synode der Evangelischen Kirche in Deutschland<\/p>\n","protected":false},"author":1,"featured_media":4346,"comment_status":"closed","ping_status":"closed","sticky":false,"template":"","format":"standard","meta":{"footnotes":""},"categories":[20],"tags":[],"_links":{"self":[{"href":"https:\/\/krankenhauspfarramt.de\/index.php\/wp-json\/wp\/v2\/posts\/4345"}],"collection":[{"href":"https:\/\/krankenhauspfarramt.de\/index.php\/wp-json\/wp\/v2\/posts"}],"about":[{"href":"https:\/\/krankenhauspfarramt.de\/index.php\/wp-json\/wp\/v2\/types\/post"}],"author":[{"embeddable":true,"href":"https:\/\/krankenhauspfarramt.de\/index.php\/wp-json\/wp\/v2\/users\/1"}],"replies":[{"embeddable":true,"href":"https:\/\/krankenhauspfarramt.de\/index.php\/wp-json\/wp\/v2\/comments?post=4345"}],"version-history":[{"count":1,"href":"https:\/\/krankenhauspfarramt.de\/index.php\/wp-json\/wp\/v2\/posts\/4345\/revisions"}],"predecessor-version":[{"id":4347,"href":"https:\/\/krankenhauspfarramt.de\/index.php\/wp-json\/wp\/v2\/posts\/4345\/revisions\/4347"}],"wp:featuredmedia":[{"embeddable":true,"href":"https:\/\/krankenhauspfarramt.de\/index.php\/wp-json\/wp\/v2\/media\/4346"}],"wp:attachment":[{"href":"https:\/\/krankenhauspfarramt.de\/index.php\/wp-json\/wp\/v2\/media?parent=4345"}],"wp:term":[{"taxonomy":"category","embeddable":true,"href":"https:\/\/krankenhauspfarramt.de\/index.php\/wp-json\/wp\/v2\/categories?post=4345"},{"taxonomy":"post_tag","embeddable":true,"href":"https:\/\/krankenhauspfarramt.de\/index.php\/wp-json\/wp\/v2\/tags?post=4345"}],"curies":[{"name":"wp","href":"https:\/\/api.w.org\/{rel}","templated":true}]}}