{"id":4357,"date":"2022-03-25T11:30:16","date_gmt":"2022-03-25T11:30:16","guid":{"rendered":"https:\/\/krankenhauspfarramt.de\/index.php\/2022\/03\/25\/hoechste-zeit-dass-sich-etwas-aendert-ekd\/"},"modified":"2022-03-25T11:30:16","modified_gmt":"2022-03-25T11:30:16","slug":"hoechste-zeit-dass-sich-etwas-aendert-ekd","status":"publish","type":"post","link":"https:\/\/krankenhauspfarramt.de\/index.php\/2022\/03\/25\/hoechste-zeit-dass-sich-etwas-aendert-ekd\/","title":{"rendered":"\u201eH\u00f6chste Zeit, dass sich etwas \u00e4ndert\u201c \u2013 EKD"},"content":{"rendered":"<p> <br \/>\n<\/p>\n<div id=\"\">\n<div class=\"article--meta article--meta__border clearfix\">\n<p>                                    <time datetime=\"25.03.2022 08:10\" class=\"article--time\">25.03.2022<\/time><strong class=\"article--type primus--overline\">Pressemitteilung<\/strong><\/p>\n<picture class=\"article--source-image image\"><source srcset=\"https:\/\/www.ekd.de\/ekd_de\/ds_img\/assets\/20170622_ekd-Quellenlogo_141_rdax_423x118.png\"><!--<source srcset=\"\/ekd_de\/ds_img\/assets\/20170622_ekd-Quellenlogo_141_rdax_141x39.png 1x, \/ekd_de\/ds_img\/assets\/20170622_ekd-Quellenlogo_141_rdax_282x78.png 2x, https:\/\/www.ekd.de\/ekd_de\/ds_img\/assets\/20170622_ekd-Quellenlogo_141_rdax_423x118.png 3x\">--><img decoding=\"async\" src=\"https:\/\/www.ekd.de\/ekd_de\/ds_img\/assets\/20170622_ekd-Quellenlogo_141_rdax_141x39.png\" alt=\"EKD Logo\" title=\"EKD Logo\"\/><\/source><\/picture>\n<\/p><\/div>\n<h2 class=\"article--sub-headline primus--sub-headline\">Evangelische Kirche beteiligt sich am Klima-Aktionstag. Rat der EKD unterbricht Sitzung f\u00fcr Klimagebet<\/h2>\n<\/p><\/div>\n<div id=\"\">\n<p>Mit Aktionen, Andachten, Gebeten, und der Teilnahme an Demonstrationen beteiligt sich die evangelische Kirche am globalen Klima-Aktionstag, zu dem f\u00fcr den heutigen Freitag die Klimabewegung \u201eFridays for Future\u201c aufgerufen hat.<\/p>\n<p>Die Ratsvorsitzende der Evangelischen Kirche in Deutschland (EKD), Annette Kurschus, verwies darauf, dass ein achtsamer Umgang mit der Mitsch\u00f6pfung sowie der Einsatz f\u00fcr die Lebensrechte aller Menschen zu den Kernaufgaben der Kirchen geh\u00f6ren. \u201eDer Klimawandel bedroht das Leben. Und er raubt vielen Menschen &#8211; besonders den Armen &#8211; und auch der n\u00e4chsten Generation die Lebensgrundlagen. Es ist h\u00f6chste Zeit, dass sich etwas \u00e4ndert\u201c, so die Ratsvorsitzende.<\/p>\n<p>Mit Blick auf den Krieg auf die Ukraine sagte Kurschus: \u201eWir erleben in diesen Wochen, wie der russische Staatspr\u00e4sident f\u00fcr seinen v\u00f6lkerrechtswidrigen Krieg fossile Energie als Druckmittel einsetzt. Gegen dieses menschenverachtende Treiben gilt es deutliche Zeichen zu setzen: Je st\u00e4rker wir auf Russlands fossile Energien verzichten, desto mehr ger\u00e4t Putins Regime unter Druck, damit es endlich den Krieg in der Ukraine beendet.\u201c<\/p>\n<p>Die biblische Botschaft fordert uns klar dazu auf, die Zerst\u00f6rung unseres Planeten aufzuhalten\u201c, so Kurschus. \u201eIch w\u00fcnsche mir, dass wir als Kirchen im Klimaschutz vorangehen.\u201c Der Rat der EKD, der heute in Hannover tagt, unterbricht seine Sitzung parallel zum Beginn vieler Klima-Demonstrationen um 12.30 Uhr f\u00fcr ein Klimagebet.<\/p>\n<p>Die EKD hat in dieser Woche eine Klimakampagne gestartet, die unter #klimagerechtwerden zum Einsatz f\u00fcr Klimagerechtigkeit aufruft und Beispiele zeigt, wie Kirchengemeinden und Christinnen und Christen sich f\u00fcr Klimagerechtigkeit einsetzen.<\/p>\n<p>Zum heutigen Klima-Protest aufgerufen hat auch das B\u00fcndnis \u201eChurches for Future\u201c, das sich solidarisch mit den Anliegen der \u201eFridays for Future\u201c-Bewegung zeigt.<\/p>\n<p>Hannover, 25. M\u00e4rz 2022<\/p>\n<p>Pressestelle der EKD<br \/>Carsten Splitt<\/p>\n<p class=\"EKDFlietext\"><em>Hinweis: Weitere Informationen und Materialien zur Klimakampagne der EKD gibt es unter <\/em><em>www.ekd.de\/klimagerecht<\/em><em>. Unter dem Hashtag #klimagerechtwerden finden Sie Geschichten von Menschen, die sich auf unterschiedlichste Weise f\u00fcr Klimaschutz und Klimagerechtigkeit einsetzen.<\/em><\/p>\n<\/div>\n","protected":false},"excerpt":{"rendered":"<p>25.03.2022Pressemitteilung Evangelische Kirche beteiligt sich am Klima-Aktionstag. Rat der EKD unterbricht Sitzung f\u00fcr Klimagebet Mit Aktionen, Andachten, Gebeten, und der<\/p>\n","protected":false},"author":1,"featured_media":0,"comment_status":"closed","ping_status":"closed","sticky":false,"template":"","format":"standard","meta":{"footnotes":""},"categories":[20],"tags":[],"_links":{"self":[{"href":"https:\/\/krankenhauspfarramt.de\/index.php\/wp-json\/wp\/v2\/posts\/4357"}],"collection":[{"href":"https:\/\/krankenhauspfarramt.de\/index.php\/wp-json\/wp\/v2\/posts"}],"about":[{"href":"https:\/\/krankenhauspfarramt.de\/index.php\/wp-json\/wp\/v2\/types\/post"}],"author":[{"embeddable":true,"href":"https:\/\/krankenhauspfarramt.de\/index.php\/wp-json\/wp\/v2\/users\/1"}],"replies":[{"embeddable":true,"href":"https:\/\/krankenhauspfarramt.de\/index.php\/wp-json\/wp\/v2\/comments?post=4357"}],"version-history":[{"count":0,"href":"https:\/\/krankenhauspfarramt.de\/index.php\/wp-json\/wp\/v2\/posts\/4357\/revisions"}],"wp:attachment":[{"href":"https:\/\/krankenhauspfarramt.de\/index.php\/wp-json\/wp\/v2\/media?parent=4357"}],"wp:term":[{"taxonomy":"category","embeddable":true,"href":"https:\/\/krankenhauspfarramt.de\/index.php\/wp-json\/wp\/v2\/categories?post=4357"},{"taxonomy":"post_tag","embeddable":true,"href":"https:\/\/krankenhauspfarramt.de\/index.php\/wp-json\/wp\/v2\/tags?post=4357"}],"curies":[{"name":"wp","href":"https:\/\/api.w.org\/{rel}","templated":true}]}}