{"id":4358,"date":"2022-03-25T13:25:13","date_gmt":"2022-03-25T13:25:13","guid":{"rendered":"https:\/\/krankenhauspfarramt.de\/index.php\/2022\/03\/25\/hass-und-gewalt-duerfen-nicht-das-letzte-wort-haben-ekd\/"},"modified":"2022-03-25T13:25:13","modified_gmt":"2022-03-25T13:25:13","slug":"hass-und-gewalt-duerfen-nicht-das-letzte-wort-haben-ekd","status":"publish","type":"post","link":"https:\/\/krankenhauspfarramt.de\/index.php\/2022\/03\/25\/hass-und-gewalt-duerfen-nicht-das-letzte-wort-haben-ekd\/","title":{"rendered":"Hass und Gewalt d\u00fcrfen nicht das letzte Wort haben \u2013 EKD"},"content":{"rendered":"<p> <br \/>\n<\/p>\n<div>\n<p>Dem bleibenden Wunsch nach Gewaltfreiheit stehe angesichts eines Aggressors, der V\u00f6lkerrecht missachte und Kriegsverbrechen begehe, aber auch die Option gegen\u00fcber, die Ukraine mit Waffen zu unterst\u00fctzen, hie\u00df es weiter. Hass und Gewalt d\u00fcrften nicht das letzte Wort haben. \u201eDas letzte Wort hat der Frieden.\u201c Der Kirchenkonferenz geh\u00f6ren alle leitenden Geistlichen und leitenden Juristinnen und Juristen der 20 evangelischen Landeskirchen an.<\/p>\n<p>Ohne Vertrauen, Gerechtigkeit und pers\u00f6nliche Kontakte zwischen Menschen aller V\u00f6lker sei Frieden nicht m\u00f6glich, betonen die Kirchenleitenden. \u201eWir werden alles in unserer M\u00f6glichkeit Stehende tun, um die Menschen in der Ukraine und Gefl\u00fcchtete zu unterst\u00fctzen\u201c, versprachen sie. Dazu z\u00e4hle die F\u00fcrbitte genauso wie die Seelsorge an Traumatisierten, der Einsatz f\u00fcr besonders verletzliche Menschen und alle Unterst\u00fctzung f\u00fcr diplomatische und nicht-milit\u00e4rische Wege.<\/p>\n<p>\u201eWir selbst k\u00f6nnen viel f\u00fcr die Menschlichkeit tun\u201c, hei\u00dft es in der Erkl\u00e4rung. Dazu geh\u00f6re es, gefl\u00fcchtete Menschen aufzunehmen und in der Gesellschaft keine Spaltung zwischen verschiedenen Gruppen von Gefl\u00fcchteten entstehen zu lassen.<\/p>\n<p>Die Kirchenkonferenz appellierte an die Bundesregierung, von der beabsichtigten K\u00fcrzung der Mittel f\u00fcr Entwicklungshilfe abzusehen. \u201eWir d\u00fcrfen \u00fcber die gro\u00dfe Hilfs- und Spendenbereitschaft f\u00fcr die Ukraine nicht andere Kriegsregionen vergessen\u201c, hei\u00dft es in der Erkl\u00e4rung.<\/p>\n<p>Der Etat des Entwicklungsministeriums soll nach dem Entwurf der Bundesregierung rund 10,8 Milliarden Euro umfassen und schrumpft damit im Vergleich zu 2021 &#8211; als er mit gut 12,4 Milliarden Euro best\u00fcckt war &#8211; um mehr als zw\u00f6lf Prozent. Allerdings waren auch in den vergangenen Jahren immer wieder K\u00fcrzungen im Haushaltsentwurf vorgesehen gewesen. Der Etat war dann aber stets im Bundestag deutlich aufgestockt worden.<\/p>\n<\/p><\/div>\n","protected":false},"excerpt":{"rendered":"<p>Dem bleibenden Wunsch nach Gewaltfreiheit stehe angesichts eines Aggressors, der V\u00f6lkerrecht missachte und Kriegsverbrechen begehe, aber auch die Option gegen\u00fcber,<\/p>\n","protected":false},"author":1,"featured_media":0,"comment_status":"closed","ping_status":"closed","sticky":false,"template":"","format":"standard","meta":{"footnotes":""},"categories":[20],"tags":[],"_links":{"self":[{"href":"https:\/\/krankenhauspfarramt.de\/index.php\/wp-json\/wp\/v2\/posts\/4358"}],"collection":[{"href":"https:\/\/krankenhauspfarramt.de\/index.php\/wp-json\/wp\/v2\/posts"}],"about":[{"href":"https:\/\/krankenhauspfarramt.de\/index.php\/wp-json\/wp\/v2\/types\/post"}],"author":[{"embeddable":true,"href":"https:\/\/krankenhauspfarramt.de\/index.php\/wp-json\/wp\/v2\/users\/1"}],"replies":[{"embeddable":true,"href":"https:\/\/krankenhauspfarramt.de\/index.php\/wp-json\/wp\/v2\/comments?post=4358"}],"version-history":[{"count":0,"href":"https:\/\/krankenhauspfarramt.de\/index.php\/wp-json\/wp\/v2\/posts\/4358\/revisions"}],"wp:attachment":[{"href":"https:\/\/krankenhauspfarramt.de\/index.php\/wp-json\/wp\/v2\/media?parent=4358"}],"wp:term":[{"taxonomy":"category","embeddable":true,"href":"https:\/\/krankenhauspfarramt.de\/index.php\/wp-json\/wp\/v2\/categories?post=4358"},{"taxonomy":"post_tag","embeddable":true,"href":"https:\/\/krankenhauspfarramt.de\/index.php\/wp-json\/wp\/v2\/tags?post=4358"}],"curies":[{"name":"wp","href":"https:\/\/api.w.org\/{rel}","templated":true}]}}