{"id":4360,"date":"2022-03-25T17:35:36","date_gmt":"2022-03-25T17:35:36","guid":{"rendered":"https:\/\/krankenhauspfarramt.de\/index.php\/2022\/03\/25\/viele-glauben-an-leben-nach-dem-tod-ekd\/"},"modified":"2022-03-25T17:35:36","modified_gmt":"2022-03-25T17:35:36","slug":"viele-glauben-an-leben-nach-dem-tod-ekd","status":"publish","type":"post","link":"https:\/\/krankenhauspfarramt.de\/index.php\/2022\/03\/25\/viele-glauben-an-leben-nach-dem-tod-ekd\/","title":{"rendered":"Viele glauben an Leben nach dem Tod \u2013 EKD"},"content":{"rendered":"<p> <br \/>\n<\/p>\n<div>\n<p>Elf Prozent der Befragten glauben nach eigenen Angaben, dass K\u00f6rper und Seele in den Kreislauf der Natur eingehen und in ihr weiterleben. Nach Ansicht von neun Prozent stirbt der Mensch und wird zum Gottesgericht von den Toten wieder zu neuem Leben auferweckt. Weitere zwei Prozent sind der \u00dcberzeugung, dass der Tod ein Schlaf sei, aus dem der Mensch am J\u00fcngsten Tag erwache. 14 Prozent erkl\u00e4rten, irgendwann wisse niemand mehr, wer ein verstorbener Mensch wirklich gewesen sei; vier Prozent glauben nichts von alledem.<\/p>\n<p>Das Meinungsforschungsinstitut Kantar Emnid befragte im Auftrag von \u201echrismon\u201c insgesamt 1.008 Menschen.<\/p>\n<\/p><\/div>\n","protected":false},"excerpt":{"rendered":"<p>Elf Prozent der Befragten glauben nach eigenen Angaben, dass K\u00f6rper und Seele in den Kreislauf der Natur eingehen und in<\/p>\n","protected":false},"author":1,"featured_media":0,"comment_status":"closed","ping_status":"closed","sticky":false,"template":"","format":"standard","meta":{"footnotes":""},"categories":[20],"tags":[],"_links":{"self":[{"href":"https:\/\/krankenhauspfarramt.de\/index.php\/wp-json\/wp\/v2\/posts\/4360"}],"collection":[{"href":"https:\/\/krankenhauspfarramt.de\/index.php\/wp-json\/wp\/v2\/posts"}],"about":[{"href":"https:\/\/krankenhauspfarramt.de\/index.php\/wp-json\/wp\/v2\/types\/post"}],"author":[{"embeddable":true,"href":"https:\/\/krankenhauspfarramt.de\/index.php\/wp-json\/wp\/v2\/users\/1"}],"replies":[{"embeddable":true,"href":"https:\/\/krankenhauspfarramt.de\/index.php\/wp-json\/wp\/v2\/comments?post=4360"}],"version-history":[{"count":0,"href":"https:\/\/krankenhauspfarramt.de\/index.php\/wp-json\/wp\/v2\/posts\/4360\/revisions"}],"wp:attachment":[{"href":"https:\/\/krankenhauspfarramt.de\/index.php\/wp-json\/wp\/v2\/media?parent=4360"}],"wp:term":[{"taxonomy":"category","embeddable":true,"href":"https:\/\/krankenhauspfarramt.de\/index.php\/wp-json\/wp\/v2\/categories?post=4360"},{"taxonomy":"post_tag","embeddable":true,"href":"https:\/\/krankenhauspfarramt.de\/index.php\/wp-json\/wp\/v2\/tags?post=4360"}],"curies":[{"name":"wp","href":"https:\/\/api.w.org\/{rel}","templated":true}]}}