{"id":4361,"date":"2022-03-31T08:02:23","date_gmt":"2022-03-31T08:02:23","guid":{"rendered":"https:\/\/krankenhauspfarramt.de\/index.php\/2022\/03\/31\/ekd-ratsvorsitzende-gratuliert-der-neuen-beauftragten-der-bundesregierung-fuer-fragen-des-sexuellen-kindesmissbrauchs-ekd\/"},"modified":"2022-03-31T08:02:31","modified_gmt":"2022-03-31T08:02:31","slug":"ekd-ratsvorsitzende-gratuliert-der-neuen-beauftragten-der-bundesregierung-fuer-fragen-des-sexuellen-kindesmissbrauchs-ekd","status":"publish","type":"post","link":"https:\/\/krankenhauspfarramt.de\/index.php\/2022\/03\/31\/ekd-ratsvorsitzende-gratuliert-der-neuen-beauftragten-der-bundesregierung-fuer-fragen-des-sexuellen-kindesmissbrauchs-ekd\/","title":{"rendered":"EKD-Ratsvorsitzende gratuliert der neuen Beauftragten der Bundesregierung f\u00fcr Fragen des sexuellen Kindesmissbrauchs \u2013 EKD"},"content":{"rendered":"<p> <br \/>\n<\/p>\n<div>\n<p>Claus, die vom Bundeskabinett berufen wurde, ist Mitglied im Betroffenenrat des Unabh\u00e4ngigen Beauftragten sowie im Nationalen Rat gegen sexuelle Gewalt an Kindern und Jugendlichen und arbeitet beruflich in der Politik- und Strategieberatung zum Thema sexualisierte Gewalt. Im vergangenen Jahr stand sie auf der von der heutigen Bundesfamilienministerin Spiegel angef\u00fchrten Landesliste der Gr\u00fcnen in Rheinland-Pfalz f\u00fcr die Landtagswahl.<\/p>\n<p>Kerstin Claus wurde 1969 in M\u00fcnchen geboren und hat einen langen Weg der Aufarbeitung einer eigenen Missbrauchserfahrung hinter sich. Der T\u00e4ter, ein evangelischer Pfarrer, wurde nicht strafrechtlich verfolgt, sondern lediglich versetzt. Claus engagierte sich vehement f\u00fcr eine unabh\u00e4ngige Aufarbeitung der Missbrauchsf\u00e4lle insbesondere in der evangelischen Kirche und kritisierte insbesondere den Umgang der Kirchenverantwortlichen mit den Betroffenen.<\/p>\n<p>Die Ratsvorsitzende der Evangelischen Kirche in Deutschland (EKD), Annette Kurschus, gratulierte Claus. Sie freue sich sehr, dass die Bundesregierung eine seit vielen Jahren engagierte und anerkannte Expertin in dieses wichtige Amt berufen habe. \u201eF\u00fcr die Bew\u00e4ltigung der gro\u00dfen gesellschaftlichen Herausforderungen des Schutzes von Kindern und Jugendlichen vor sexualisierter Gewalt in Institutionen und Familien sowie der Aufarbeitung erlittenen Unrechts auch in der evangelischen Kirche ist dies eine wichtige und sehr gute Weichenstellung f\u00fcr die gemeinsame Arbeit der kommenden Jahre\u201c, erkl\u00e4rte Kurschus.<\/p>\n<p>Claus k\u00fcndigte an, sie wolle in ihrem neuen Amt die \u201eEntschlossenheit zum Handeln entfachen\u201c. Nur wer verstanden habe, was Missbrauch f\u00fcr Kinder und Jugendliche und ihr Leben bedeute, der handele auch, sagte sie. Sie wolle die Zusammenarbeit des Bundes mit L\u00e4ndern und Kommunen intensivieren und dazu beitragen, dass die Beteiligung von Betroffenen auch in den L\u00e4ndern verankert werde: \u201eDann wird vieles konkreter\u201c, sagte Claus. Immer wieder seien es die Betroffenen gewesen, die mit ihren Erfahrungen und ihrem Wissen die Aufarbeitung der Missbrauchsskandale und die Pr\u00e4vention vorangebracht h\u00e4tten.<\/p>\n<p>Dass eine Betroffene beauftragt werde, bedeute einerseits sehr viel. Andererseits w\u00e4re vieles besser, wenn es keine Rolle mehr spiele, wer Missbrauch und sexuelle Gewalt bek\u00e4mpft. \u201eDieses Thema h\u00f6rt nicht auf\u201c, sagte Claus. \u201eSexuelle Gewalt ist in der Gesellschaft fest verankert.\u201c<\/p>\n<p>Das Amt des Unabh\u00e4ngigen Beauftragten f\u00fcr Fragen des sexuellen Kindesmissbrauchs ist beim Bundesfamilienministerium angesiedelt. Die Ampel-Koalition will es gesetzlich verankern und die vom bisherigen Missbrauchsbeauftragten R\u00f6rig ins Leben gerufene Aufarbeitungskommission fortf\u00fchren. R\u00f6rig hatte seine Arbeit nach mehr als zehn Jahren im Februar beendet. Er war Nachfolger der ersten Missbrauchsbeauftragten, der fr\u00fcheren Bundesfamilienministerin Christine Bergmann (SPD).<\/p>\n<\/p><\/div>\n","protected":false},"excerpt":{"rendered":"<p>Claus, die vom Bundeskabinett berufen wurde, ist Mitglied im Betroffenenrat des Unabh\u00e4ngigen Beauftragten sowie im Nationalen Rat gegen sexuelle Gewalt<\/p>\n","protected":false},"author":1,"featured_media":4362,"comment_status":"closed","ping_status":"closed","sticky":false,"template":"","format":"standard","meta":{"footnotes":""},"categories":[20],"tags":[],"_links":{"self":[{"href":"https:\/\/krankenhauspfarramt.de\/index.php\/wp-json\/wp\/v2\/posts\/4361"}],"collection":[{"href":"https:\/\/krankenhauspfarramt.de\/index.php\/wp-json\/wp\/v2\/posts"}],"about":[{"href":"https:\/\/krankenhauspfarramt.de\/index.php\/wp-json\/wp\/v2\/types\/post"}],"author":[{"embeddable":true,"href":"https:\/\/krankenhauspfarramt.de\/index.php\/wp-json\/wp\/v2\/users\/1"}],"replies":[{"embeddable":true,"href":"https:\/\/krankenhauspfarramt.de\/index.php\/wp-json\/wp\/v2\/comments?post=4361"}],"version-history":[{"count":1,"href":"https:\/\/krankenhauspfarramt.de\/index.php\/wp-json\/wp\/v2\/posts\/4361\/revisions"}],"predecessor-version":[{"id":4363,"href":"https:\/\/krankenhauspfarramt.de\/index.php\/wp-json\/wp\/v2\/posts\/4361\/revisions\/4363"}],"wp:featuredmedia":[{"embeddable":true,"href":"https:\/\/krankenhauspfarramt.de\/index.php\/wp-json\/wp\/v2\/media\/4362"}],"wp:attachment":[{"href":"https:\/\/krankenhauspfarramt.de\/index.php\/wp-json\/wp\/v2\/media?parent=4361"}],"wp:term":[{"taxonomy":"category","embeddable":true,"href":"https:\/\/krankenhauspfarramt.de\/index.php\/wp-json\/wp\/v2\/categories?post=4361"},{"taxonomy":"post_tag","embeddable":true,"href":"https:\/\/krankenhauspfarramt.de\/index.php\/wp-json\/wp\/v2\/tags?post=4361"}],"curies":[{"name":"wp","href":"https:\/\/api.w.org\/{rel}","templated":true}]}}