{"id":4364,"date":"2022-03-31T20:23:37","date_gmt":"2022-03-31T20:23:37","guid":{"rendered":"https:\/\/krankenhauspfarramt.de\/index.php\/2022\/03\/31\/friedensethik-kann-nie-richtig-oder-falsch-sagen-ekd\/"},"modified":"2022-03-31T20:23:45","modified_gmt":"2022-03-31T20:23:45","slug":"friedensethik-kann-nie-richtig-oder-falsch-sagen-ekd","status":"publish","type":"post","link":"https:\/\/krankenhauspfarramt.de\/index.php\/2022\/03\/31\/friedensethik-kann-nie-richtig-oder-falsch-sagen-ekd\/","title":{"rendered":"Friedensethik kann nie richtig oder falsch sagen \u2013 EKD"},"content":{"rendered":"<p> <br \/>\n<\/p>\n<div>\n<p>\u201eIn dieser Situation ist es gerade so, dass egal wie wir uns positionieren, wir um Schuld und S\u00fcnde nicht herumkommen\u201c, unterstrich die Theologin. \u201eWenn ich mich an die Seite der ukrainischen, sich selbst verteidigenden Menschen stelle, gedanklich, dann bin ich ihnen in N\u00e4chstenliebe nah, und ich erkenne an, dass sie Gewalt anwenden, zu ihrer Selbstverteidigung.\u201c Aber auch das sei wieder S\u00fcnde, da so auch russische Soldaten zu Tode k\u00e4men.<\/p>\n<p>\u201eWie wir uns auch drehen und wenden, wir kommen nicht darum herum, schuldig zu werden in einem Krieg\u201c, sagte die oberste Vertreterin des deutschen Protestantismus. \u201eUnd das ist das Teuflische an Kriegen \u00fcberhaupt: Kein Mensch kommt da ohne Schuld heraus.\u201c<\/p>\n<p>Der russische Pr\u00e4sident Wladimir Putin greife ein Volk an, weil er mit seinem \u201ebesonders egom\u00e4\u00dfigen Machtstreben\u201c seinen pers\u00f6nlichen Einfluss weiter ausdehnen wolle, kritisierte die Pr\u00e4ses der Evangelischen Kirche von Westfalen. \u201eDas Perfide daran ist, dass er es nun anscheinend auch irgendwie religi\u00f6s verbr\u00e4mt und meint, damit w\u00fcrde die Welt vor sch\u00e4dlichen Einfl\u00fcssen des Westens gerettet.\u201c<\/p>\n<p>Mit Blick auf die russisch-orthodoxe Kirche ist die EKD nach Kurschus&#8216; Worten sehr bem\u00fcht, den Kontakt nicht abrei\u00dfen zu lassen. Die russisch-orthodoxe Kirche sei nicht mit dem Patriarchen Kyrill gleichzusetzen. Dieser hatte den russischen Angriff auf die Ukraine unter anderem als Verteidigung gegen eine kulturelle und milit\u00e4rische Bedrohung Russlands gerechtfertigt.<\/p>\n<p>\u201eMan kann ja kaum h\u00f6ren, was dieser Mann sagt, weil das in meinen Augen tats\u00e4chlich gottesl\u00e4sterlich ist\u201c, sagte die EKD-Ratsvorsitzende. Seine Position sei mit dem Evangelium nicht zu vereinbaren. Es gebe aber auch Etliche innerhalb der russisch-orthodoxen Kirche, die sich zu einer Unterschriftenaktion gegen den Krieg zusammengefunden h\u00e4tten.<\/p>\n<\/p><\/div>\n","protected":false},"excerpt":{"rendered":"<p>\u201eIn dieser Situation ist es gerade so, dass egal wie wir uns positionieren, wir um Schuld und S\u00fcnde nicht herumkommen\u201c,<\/p>\n","protected":false},"author":1,"featured_media":3903,"comment_status":"closed","ping_status":"closed","sticky":false,"template":"","format":"standard","meta":{"footnotes":""},"categories":[20],"tags":[],"_links":{"self":[{"href":"https:\/\/krankenhauspfarramt.de\/index.php\/wp-json\/wp\/v2\/posts\/4364"}],"collection":[{"href":"https:\/\/krankenhauspfarramt.de\/index.php\/wp-json\/wp\/v2\/posts"}],"about":[{"href":"https:\/\/krankenhauspfarramt.de\/index.php\/wp-json\/wp\/v2\/types\/post"}],"author":[{"embeddable":true,"href":"https:\/\/krankenhauspfarramt.de\/index.php\/wp-json\/wp\/v2\/users\/1"}],"replies":[{"embeddable":true,"href":"https:\/\/krankenhauspfarramt.de\/index.php\/wp-json\/wp\/v2\/comments?post=4364"}],"version-history":[{"count":1,"href":"https:\/\/krankenhauspfarramt.de\/index.php\/wp-json\/wp\/v2\/posts\/4364\/revisions"}],"predecessor-version":[{"id":4365,"href":"https:\/\/krankenhauspfarramt.de\/index.php\/wp-json\/wp\/v2\/posts\/4364\/revisions\/4365"}],"wp:featuredmedia":[{"embeddable":true,"href":"https:\/\/krankenhauspfarramt.de\/index.php\/wp-json\/wp\/v2\/media\/3903"}],"wp:attachment":[{"href":"https:\/\/krankenhauspfarramt.de\/index.php\/wp-json\/wp\/v2\/media?parent=4364"}],"wp:term":[{"taxonomy":"category","embeddable":true,"href":"https:\/\/krankenhauspfarramt.de\/index.php\/wp-json\/wp\/v2\/categories?post=4364"},{"taxonomy":"post_tag","embeddable":true,"href":"https:\/\/krankenhauspfarramt.de\/index.php\/wp-json\/wp\/v2\/tags?post=4364"}],"curies":[{"name":"wp","href":"https:\/\/api.w.org\/{rel}","templated":true}]}}