{"id":4375,"date":"2022-04-01T15:48:41","date_gmt":"2022-04-01T15:48:41","guid":{"rendered":"https:\/\/krankenhauspfarramt.de\/index.php\/2022\/04\/01\/der-glaube-hilft-uns-den-anderen-menschen-mit-den-augen-gottes-zu-sehen-ekd\/"},"modified":"2022-04-01T15:48:48","modified_gmt":"2022-04-01T15:48:48","slug":"der-glaube-hilft-uns-den-anderen-menschen-mit-den-augen-gottes-zu-sehen-ekd","status":"publish","type":"post","link":"https:\/\/krankenhauspfarramt.de\/index.php\/2022\/04\/01\/der-glaube-hilft-uns-den-anderen-menschen-mit-den-augen-gottes-zu-sehen-ekd\/","title":{"rendered":"\u201eDer Glaube hilft uns, den anderen Menschen mit den Augen Gottes zu sehen\u201c \u2013 EKD"},"content":{"rendered":"<p> <br \/>\n<\/p>\n<div id=\"\">\n<div class=\"article--meta article--meta__border clearfix\">\n<p>                                    <time datetime=\"01.04.2022 11:00\" class=\"article--time\">01.04.2022<\/time><strong class=\"article--type primus--overline\">Pressemitteilung<\/strong><\/p>\n<picture class=\"article--source-image image\"><source srcset=\"https:\/\/www.ekd.de\/ekd_de\/ds_img\/assets\/20170622_ekd-Quellenlogo_141_rdax_423x118.png\"><!--<source srcset=\"\/ekd_de\/ds_img\/assets\/20170622_ekd-Quellenlogo_141_rdax_141x39.png 1x, \/ekd_de\/ds_img\/assets\/20170622_ekd-Quellenlogo_141_rdax_282x78.png 2x, https:\/\/www.ekd.de\/ekd_de\/ds_img\/assets\/20170622_ekd-Quellenlogo_141_rdax_423x118.png 3x\">--><\/source><\/picture>\n<\/p><\/div>\n<h2 class=\"article--sub-headline primus--sub-headline\">Gr\u00fc\u00dfe der EKD-Ratsvorsitzenden zum Fastenmonat Ramadan 2022<\/h2>\n<\/p><\/div>\n<div id=\"\">\n<p>Zum Fastenmonat Ramadan, der in diesem Jahr am 2. April beginnt und am Abend des 1. Mai endet, und dem sich anschlie\u00dfenden Fest des Fastenbrechens, hat die Ratsvorsitzende der Evangelischen Kirche in Deutschland (EKD), Pr\u00e4ses Annette Kurschus, in einem Brief an die muslimischen Mitb\u00fcrgerinnen und Mitb\u00fcrger herzliche Gr\u00fc\u00dfe und W\u00fcnsche der EKD \u00fcbermittelt.<\/p>\n<p>\u201eZum dritten Mal in Folge steht dieser Monat unter den Vorzeichen und Einschr\u00e4nkungen der Pandemie. Ich f\u00fchle mich Ihnen da sehr verbunden, denn ich wei\u00df aus den eigenen kirchlichen Zusammenh\u00e4ngen in unserem christlichen Gemeindeleben, welche Herausforderungen dabei zu bew\u00e4ltigen sind\u201c, schrieb Kurschus und betonte in dem Schreiben, dass es aber auch Zeichen vorsichtiger Hoffnung gebe, dass schon bald wieder mehr direkte Begegnungen m\u00f6glich werden, wie sie nicht nur unter Musliminnen und Muslimen im Ramadan \u00fcblich seien, sondern wie sie sich in der Vergangenheit erfreulicherweise auch unter Einbeziehung vieler Christinnen und Christen entwickelt haben: \u201eEine solche direkte Begegnung ist eine gute Voraussetzung, um Vorurteile abzubauen und Missverst\u00e4ndnisse aus dem Weg zu r\u00e4umen, wie wir sie leider immer noch im gesellschaftlichen und interreligi\u00f6sen Miteinander erleben k\u00f6nnen.\u201c<\/p>\n<p>Zudem hob die EKD-Ratsvorsitzende hervor: \u201eDer Glaube hilft uns, den anderen Menschen mit den Augen Gottes zu sehen. Dazu geh\u00f6rt, ihn nicht aufgrund seiner Herkunft, seiner Nationalit\u00e4t oder auch seiner Religionszugeh\u00f6rigkeit zu beurteilen, sondern ihn in seiner Menschlichkeit und in seiner Hilfsbed\u00fcrftigkeit wahrzunehmen.\u201c Daraus ergebe sich, dass es keine Fl\u00fcchtlinge erster oder zweiter Klasse gebe: \u201eEs gibt nur Menschen, die unserer Hilfe bed\u00fcrfen.\u201c<\/p>\n<p>Hinweis: Die Gru\u00dfbotschaft zum Ramadan der Vorsitzenden des Rates der EKD ist abrufbar unter https:\/\/www.ekd.de\/gruss-zum-ramadan-an-die-muslimischen-gemeinden-72650.htm.<\/p>\n<p>Hannover, 1. April 2022<\/p>\n<p>Pressestelle der EKD<br \/>Annika Lukas<br \/>\u00a0<\/p>\n<\/div>\n","protected":false},"excerpt":{"rendered":"<p>01.04.2022Pressemitteilung Gr\u00fc\u00dfe der EKD-Ratsvorsitzenden zum Fastenmonat Ramadan 2022 Zum Fastenmonat Ramadan, der in diesem Jahr am 2. April beginnt und<\/p>\n","protected":false},"author":1,"featured_media":569,"comment_status":"closed","ping_status":"closed","sticky":false,"template":"","format":"standard","meta":{"footnotes":""},"categories":[20],"tags":[],"_links":{"self":[{"href":"https:\/\/krankenhauspfarramt.de\/index.php\/wp-json\/wp\/v2\/posts\/4375"}],"collection":[{"href":"https:\/\/krankenhauspfarramt.de\/index.php\/wp-json\/wp\/v2\/posts"}],"about":[{"href":"https:\/\/krankenhauspfarramt.de\/index.php\/wp-json\/wp\/v2\/types\/post"}],"author":[{"embeddable":true,"href":"https:\/\/krankenhauspfarramt.de\/index.php\/wp-json\/wp\/v2\/users\/1"}],"replies":[{"embeddable":true,"href":"https:\/\/krankenhauspfarramt.de\/index.php\/wp-json\/wp\/v2\/comments?post=4375"}],"version-history":[{"count":1,"href":"https:\/\/krankenhauspfarramt.de\/index.php\/wp-json\/wp\/v2\/posts\/4375\/revisions"}],"predecessor-version":[{"id":4376,"href":"https:\/\/krankenhauspfarramt.de\/index.php\/wp-json\/wp\/v2\/posts\/4375\/revisions\/4376"}],"wp:featuredmedia":[{"embeddable":true,"href":"https:\/\/krankenhauspfarramt.de\/index.php\/wp-json\/wp\/v2\/media\/569"}],"wp:attachment":[{"href":"https:\/\/krankenhauspfarramt.de\/index.php\/wp-json\/wp\/v2\/media?parent=4375"}],"wp:term":[{"taxonomy":"category","embeddable":true,"href":"https:\/\/krankenhauspfarramt.de\/index.php\/wp-json\/wp\/v2\/categories?post=4375"},{"taxonomy":"post_tag","embeddable":true,"href":"https:\/\/krankenhauspfarramt.de\/index.php\/wp-json\/wp\/v2\/tags?post=4375"}],"curies":[{"name":"wp","href":"https:\/\/api.w.org\/{rel}","templated":true}]}}