{"id":4377,"date":"2022-04-01T16:14:35","date_gmt":"2022-04-01T16:14:35","guid":{"rendered":"https:\/\/krankenhauspfarramt.de\/index.php\/2022\/04\/01\/gruss-zum-ramadan-an-die-muslimischen-gemeinden-ekd\/"},"modified":"2022-04-01T16:14:42","modified_gmt":"2022-04-01T16:14:42","slug":"gruss-zum-ramadan-an-die-muslimischen-gemeinden-ekd","status":"publish","type":"post","link":"https:\/\/krankenhauspfarramt.de\/index.php\/2022\/04\/01\/gruss-zum-ramadan-an-die-muslimischen-gemeinden-ekd\/","title":{"rendered":"Gru\u00df zum Ramadan an die muslimischen Gemeinden \u2013 EKD"},"content":{"rendered":"<p> <br \/>\n<\/p>\n<div>\n<p>Dass die N\u00e4he zu Gott und Barmherzigkeit und Wohlt\u00e4tigkeit gegen\u00fcber anderen zusammengeh\u00f6ren, ist eine Einsicht, die sich sowohl im Islam als auch im Christentum findet. Das Jahr 2022 steht unter der biblischen Losung \u201eWer zu mir kommt, den werde ich nicht abweisen\u201c (Johannes 6,37). Dieser Satz Jesu Christi hat Auswirkungen auch auf unser menschliches Verhalten untereinander. Aktuell denke ich dabei besonders an die vielen Menschen, die vor Krieg und Zerst\u00f6rung aus der Ukraine fliehen. Sie aufzunehmen und Ihnen Schutz zu gew\u00e4hren, ist ein Gebot christlicher N\u00e4chstenliebe. Schon in den zur\u00fcckliegenden Jahren haben wir erlebt, wie sich Christinnen und Christen Seite an Seite mit Musliminnen und Muslimen in diesem Land f\u00fcr die Aufnahme und Integration von Fl\u00fcchtlingen aus dem Krieg in Syrien und aus anderen L\u00e4ndern eingesetzt haben. Das sind ermutigende Zeichen und Entwicklungen inmitten aller R\u00fcckschl\u00e4ge und Entt\u00e4uschungen.<\/p>\n<p>Der Glaube hilft uns, den anderen Menschen mit den Augen Gottes zu sehen. Dazu geh\u00f6rt, ihn nicht aufgrund seiner Herkunft, seiner Nationalit\u00e4t oder auch seiner Religionszugeh\u00f6rigkeit zu beurteilen, sondern ihn in seiner Menschlichkeit und in seiner Hilfsbed\u00fcrftigkeit wahrzunehmen. Mir ist sehr daran gelegen, dass wir dabei nicht mit zweierlei Ma\u00df messen. Es gibt keine Fl\u00fcchtlinge erster oder zweiter Klasse, es gibt nur Menschen, die unserer Hilfe bed\u00fcrfen. Der Glaube ist eine Quelle t\u00e4tiger N\u00e4chstenliebe. Ich habe gro\u00dfen Respekt vor allen Menschen, die wie jetzt im Monat Ramadan ihren religi\u00f6sen Geboten und Regeln folgen, um daraus Kraft zu sch\u00f6pfen, sich f\u00fcr ein friedliches und gerechtes Zusammenleben einzusetzen. In diesem Sinne w\u00fcnsche ich Ihnen, Ihren Familien und Gemeinden eine gesegnete Zeit im Monat Ramadan und alles Gute f\u00fcr das abschlie\u00dfende Fest des Fastenbrechens.<\/p>\n<p>Herzliche Gr\u00fc\u00dfe!<\/p>\n<p>Ihre<br \/><em>Annette Kurschus<\/em><\/p>\n<p>Pr\u00e4ses Dr. h.c. Annette Kurschus<br \/>Vorsitzende des Rates der Evangelischen Kirche in Deutschland<\/p>\n<\/p><\/div>\n","protected":false},"excerpt":{"rendered":"<p>Dass die N\u00e4he zu Gott und Barmherzigkeit und Wohlt\u00e4tigkeit gegen\u00fcber anderen zusammengeh\u00f6ren, ist eine Einsicht, die sich sowohl im Islam<\/p>\n","protected":false},"author":1,"featured_media":2077,"comment_status":"closed","ping_status":"closed","sticky":false,"template":"","format":"standard","meta":{"footnotes":""},"categories":[20],"tags":[],"_links":{"self":[{"href":"https:\/\/krankenhauspfarramt.de\/index.php\/wp-json\/wp\/v2\/posts\/4377"}],"collection":[{"href":"https:\/\/krankenhauspfarramt.de\/index.php\/wp-json\/wp\/v2\/posts"}],"about":[{"href":"https:\/\/krankenhauspfarramt.de\/index.php\/wp-json\/wp\/v2\/types\/post"}],"author":[{"embeddable":true,"href":"https:\/\/krankenhauspfarramt.de\/index.php\/wp-json\/wp\/v2\/users\/1"}],"replies":[{"embeddable":true,"href":"https:\/\/krankenhauspfarramt.de\/index.php\/wp-json\/wp\/v2\/comments?post=4377"}],"version-history":[{"count":1,"href":"https:\/\/krankenhauspfarramt.de\/index.php\/wp-json\/wp\/v2\/posts\/4377\/revisions"}],"predecessor-version":[{"id":4378,"href":"https:\/\/krankenhauspfarramt.de\/index.php\/wp-json\/wp\/v2\/posts\/4377\/revisions\/4378"}],"wp:featuredmedia":[{"embeddable":true,"href":"https:\/\/krankenhauspfarramt.de\/index.php\/wp-json\/wp\/v2\/media\/2077"}],"wp:attachment":[{"href":"https:\/\/krankenhauspfarramt.de\/index.php\/wp-json\/wp\/v2\/media?parent=4377"}],"wp:term":[{"taxonomy":"category","embeddable":true,"href":"https:\/\/krankenhauspfarramt.de\/index.php\/wp-json\/wp\/v2\/categories?post=4377"},{"taxonomy":"post_tag","embeddable":true,"href":"https:\/\/krankenhauspfarramt.de\/index.php\/wp-json\/wp\/v2\/tags?post=4377"}],"curies":[{"name":"wp","href":"https:\/\/api.w.org\/{rel}","templated":true}]}}