{"id":4379,"date":"2022-04-04T11:49:12","date_gmt":"2022-04-04T11:49:12","guid":{"rendered":"https:\/\/krankenhauspfarramt.de\/index.php\/2022\/04\/04\/01-04-2022-die-gemeinsamen-anliegen-in-unseren-herzen-und-gebeten-bewegen\/"},"modified":"2022-04-04T11:49:12","modified_gmt":"2022-04-04T11:49:12","slug":"01-04-2022-die-gemeinsamen-anliegen-in-unseren-herzen-und-gebeten-bewegen","status":"publish","type":"post","link":"https:\/\/krankenhauspfarramt.de\/index.php\/2022\/04\/04\/01-04-2022-die-gemeinsamen-anliegen-in-unseren-herzen-und-gebeten-bewegen\/","title":{"rendered":"01.04.2022 \u201eDie gemeinsamen Anliegen in unseren Herzen und Gebeten bewegen\u201c"},"content":{"rendered":"<p><img decoding=\"async\" src=\"https:\/\/www.elk-wue.de\/\" \/><\/p>\n<div id=\"c35513\">\n<header>\n<h2 class=\"b_is-headline\">\u201eDie gemeinsamen Anliegen in unseren Herzen und Gebeten bewegen\u201c<\/h2>\n<h3>Landesbischof gr\u00fc\u00dft Musliminnen und Muslime zum Beginn des Fastenmonats Ramadan<\/h3>\n<\/header>\n<p>Stuttgart. Zum Beginn des Fastenmonats Ramadan wendet sich Landesbischof Dr. h. c. Frank Otfried July in einem Brief an die w\u00fcrttembergischen Musliminnen und Muslime. \u201eIch w\u00fcnsche Ihnen, Ihren Familien und N\u00e4chsten eine gute Zeit der Unterbrechung des Allt\u00e4glichen und ein gutes Miteinander in Fasten, Gebet und Innehalten\u201c, so der Landesbischof. Es sei dringender denn je notwendig, sich angesichts der Eskalation von Unfrieden und Gewalt und abhanden gekommener Selbstverst\u00e4ndlichkeiten auf Wesentliches zur\u00fcckzubesinnen, so der Landesbischof in seinem Gru\u00df.<\/p>\n<p>July betont, dass der durch die russische F\u00fchrung begonnene Krieg in der Ukraine besonders nah und bedrohlich erscheine, doch auch das Leiden der Menschen an anderen Orten, etwa in den Kriegsgebieten im Jemen, in Syrien und Afghanistan, bedr\u00fccke und rufe zu Verantwortung auf. Der Wunsch nach Frieden und Menschlichkeit vereine Christen und Muslime in W\u00fcrttemberg: \u201eWas recht und was unrecht ist, ist umstritten. Dass aber der Frieden und die Menschlichkeit gesucht werden m\u00fcssen und unser aller Anstrengung wert sind, das ist f\u00fcr uns miteinander ganz klar!\u201c<\/p>\n<p>W\u00fcrttembergische Christen bereiteten sich derzeit durch Fasten und Gebet auf Ostern vor. \u201eLassen Sie uns das als Gelegenheit nutzen, die gemeinsamen Anliegen in dieser besonderen Zeit in unseren Herzen und in unseren Gebeten zu bewegen\u201c, so der Landesbischof.<\/p>\n<p>Angesichts des Endes seiner Amtszeit als Landesbischof im kommenden Sommer betont July, dass er eine gute Beziehung mit den w\u00fcrttembergischen Muslimen, den Dialog auf Augenh\u00f6he und das gemeinsame Eintreten f\u00fcr gemeinsame Interessen stets f\u00fcr wichtig gehalten habe und halte.<\/p>\n<p>\u00a0<\/p>\n<p>Dan Peter<br \/>Sprecher der Landeskirche\u00a0\u00a0\u00a0\u00a0\u00a0\u00a0\u00a0<\/p>\n<p>\u00a0<\/p>\n<p><strong>Hinweis<\/strong>: Ein Foto von Landesbischof Dr. h. c. Frank Otfried July finden Sie im Pressebereich unserer Homepage www.elk-wue.de. Den Volltext des Ramadan-Gru\u00dfes finden Sie im Anhang dieser E-Mail.<\/p>\n<\/div>\n","protected":false},"excerpt":{"rendered":"<p>\u201eDie gemeinsamen Anliegen in unseren Herzen und Gebeten bewegen\u201c Landesbischof gr\u00fc\u00dft Musliminnen und Muslime zum Beginn des Fastenmonats Ramadan Stuttgart.<\/p>\n","protected":false},"author":1,"featured_media":0,"comment_status":"closed","ping_status":"closed","sticky":false,"template":"","format":"standard","meta":{"footnotes":""},"categories":[21],"tags":[],"_links":{"self":[{"href":"https:\/\/krankenhauspfarramt.de\/index.php\/wp-json\/wp\/v2\/posts\/4379"}],"collection":[{"href":"https:\/\/krankenhauspfarramt.de\/index.php\/wp-json\/wp\/v2\/posts"}],"about":[{"href":"https:\/\/krankenhauspfarramt.de\/index.php\/wp-json\/wp\/v2\/types\/post"}],"author":[{"embeddable":true,"href":"https:\/\/krankenhauspfarramt.de\/index.php\/wp-json\/wp\/v2\/users\/1"}],"replies":[{"embeddable":true,"href":"https:\/\/krankenhauspfarramt.de\/index.php\/wp-json\/wp\/v2\/comments?post=4379"}],"version-history":[{"count":0,"href":"https:\/\/krankenhauspfarramt.de\/index.php\/wp-json\/wp\/v2\/posts\/4379\/revisions"}],"wp:attachment":[{"href":"https:\/\/krankenhauspfarramt.de\/index.php\/wp-json\/wp\/v2\/media?parent=4379"}],"wp:term":[{"taxonomy":"category","embeddable":true,"href":"https:\/\/krankenhauspfarramt.de\/index.php\/wp-json\/wp\/v2\/categories?post=4379"},{"taxonomy":"post_tag","embeddable":true,"href":"https:\/\/krankenhauspfarramt.de\/index.php\/wp-json\/wp\/v2\/tags?post=4379"}],"curies":[{"name":"wp","href":"https:\/\/api.w.org\/{rel}","templated":true}]}}