{"id":4380,"date":"2022-04-04T14:36:12","date_gmt":"2022-04-04T14:36:12","guid":{"rendered":"https:\/\/krankenhauspfarramt.de\/index.php\/2022\/04\/04\/steigende-lebensmittelpreise-verschaerfen-armut-ekd\/"},"modified":"2022-04-04T14:36:20","modified_gmt":"2022-04-04T14:36:20","slug":"steigende-lebensmittelpreise-verschaerfen-armut-ekd","status":"publish","type":"post","link":"https:\/\/krankenhauspfarramt.de\/index.php\/2022\/04\/04\/steigende-lebensmittelpreise-verschaerfen-armut-ekd\/","title":{"rendered":"Steigende Lebensmittelpreise versch\u00e4rfen Armut \u2013 EKD"},"content":{"rendered":"<p> <br \/>\n<\/p>\n<div>\n<p>Menschen in der Grundsicherung st\u00fcnden weniger als f\u00fcnf Euro pro Tag f\u00fcr Nahrungsmittel und Getr\u00e4nke zur Verf\u00fcgung. Daher deckten viele ihren Bedarf oder erg\u00e4nzten ihn bei den Tafeln. \u201eWenn die Lebensmittelpreise steigen, wird diese L\u00fccke noch gr\u00f6\u00dfer\u201c, so die Vorst\u00e4ndin des evangelischen Hilfswerks. Nach Berechnungen der Diakonie Deutschland ist der Regelsatz seit Langem um 160 Euro im Monat zu niedrig.<\/p>\n<p>Allein acht Millionen Menschen leben in Deutschland laut Loheide von existenzsichernden Leistungen wie Hartz IV, Sozialhilfe, Grundsicherung im Alter und Hilfen nach dem Asylbewerberleistungsgesetz. Das seien nur die Aller\u00e4rmsten. Hinzu k\u00e4men diejenigen, die Wohngeld, Kinderzuschlag oder Leistungen aus dem Bildungs- und Teilhabepaket erhalten. Diejenigen, die knapp oberhalb der Anspruchsgrenze f\u00fcr solche Leistungen liegen, drohten bei weiteren Preissteigerungen in die Armut zu rutschen.<\/p>\n<\/p><\/div>\n","protected":false},"excerpt":{"rendered":"<p>Menschen in der Grundsicherung st\u00fcnden weniger als f\u00fcnf Euro pro Tag f\u00fcr Nahrungsmittel und Getr\u00e4nke zur Verf\u00fcgung. Daher deckten viele<\/p>\n","protected":false},"author":1,"featured_media":4381,"comment_status":"closed","ping_status":"closed","sticky":false,"template":"","format":"standard","meta":{"footnotes":""},"categories":[20],"tags":[],"_links":{"self":[{"href":"https:\/\/krankenhauspfarramt.de\/index.php\/wp-json\/wp\/v2\/posts\/4380"}],"collection":[{"href":"https:\/\/krankenhauspfarramt.de\/index.php\/wp-json\/wp\/v2\/posts"}],"about":[{"href":"https:\/\/krankenhauspfarramt.de\/index.php\/wp-json\/wp\/v2\/types\/post"}],"author":[{"embeddable":true,"href":"https:\/\/krankenhauspfarramt.de\/index.php\/wp-json\/wp\/v2\/users\/1"}],"replies":[{"embeddable":true,"href":"https:\/\/krankenhauspfarramt.de\/index.php\/wp-json\/wp\/v2\/comments?post=4380"}],"version-history":[{"count":1,"href":"https:\/\/krankenhauspfarramt.de\/index.php\/wp-json\/wp\/v2\/posts\/4380\/revisions"}],"predecessor-version":[{"id":4382,"href":"https:\/\/krankenhauspfarramt.de\/index.php\/wp-json\/wp\/v2\/posts\/4380\/revisions\/4382"}],"wp:featuredmedia":[{"embeddable":true,"href":"https:\/\/krankenhauspfarramt.de\/index.php\/wp-json\/wp\/v2\/media\/4381"}],"wp:attachment":[{"href":"https:\/\/krankenhauspfarramt.de\/index.php\/wp-json\/wp\/v2\/media?parent=4380"}],"wp:term":[{"taxonomy":"category","embeddable":true,"href":"https:\/\/krankenhauspfarramt.de\/index.php\/wp-json\/wp\/v2\/categories?post=4380"},{"taxonomy":"post_tag","embeddable":true,"href":"https:\/\/krankenhauspfarramt.de\/index.php\/wp-json\/wp\/v2\/tags?post=4380"}],"curies":[{"name":"wp","href":"https:\/\/api.w.org\/{rel}","templated":true}]}}