{"id":4385,"date":"2022-04-05T01:09:35","date_gmt":"2022-04-05T01:09:35","guid":{"rendered":"https:\/\/krankenhauspfarramt.de\/index.php\/2022\/04\/05\/weitblick-und-ein-sicheres-gespuer-fuer-themen-ekd\/"},"modified":"2022-04-05T01:09:35","modified_gmt":"2022-04-05T01:09:35","slug":"weitblick-und-ein-sicheres-gespuer-fuer-themen-ekd","status":"publish","type":"post","link":"https:\/\/krankenhauspfarramt.de\/index.php\/2022\/04\/05\/weitblick-und-ein-sicheres-gespuer-fuer-themen-ekd\/","title":{"rendered":"\u201eWeitblick und ein sicheres Gesp\u00fcr f\u00fcr Themen\u201c \u2013 EKD"},"content":{"rendered":"<p> <br \/>\n<\/p>\n<div id=\"\">\n<div class=\"article--meta article--meta__border clearfix\">\n<p>                                    <time datetime=\"05.04.2022 00:00\" class=\"article--time\">05.04.2022<\/time><strong class=\"article--type primus--overline\">Pressemitteilung<\/strong><\/p>\n<picture class=\"article--source-image image\"><source srcset=\"https:\/\/www.ekd.de\/ekd_de\/ds_img\/assets\/20170622_ekd-Quellenlogo_141_rdax_423x118.png\"><!--<source srcset=\"\/ekd_de\/ds_img\/assets\/20170622_ekd-Quellenlogo_141_rdax_141x39.png 1x, \/ekd_de\/ds_img\/assets\/20170622_ekd-Quellenlogo_141_rdax_282x78.png 2x, https:\/\/www.ekd.de\/ekd_de\/ds_img\/assets\/20170622_ekd-Quellenlogo_141_rdax_423x118.png 3x\">--><img decoding=\"async\" src=\"https:\/\/www.ekd.de\/ekd_de\/ds_img\/assets\/20170622_ekd-Quellenlogo_141_rdax_141x39.png\" alt=\"EKD Logo\" title=\"EKD Logo\"\/><\/source><\/picture>\n<\/p><\/div>\n<h2 class=\"article--sub-headline primus--sub-headline\">Synodenpr\u00e4ses und Ratsvorsitzende gratulieren ehemaliger Pr\u00e4ses Irmgard Schwaetzer zum 80. Geburtstag<\/h2>\n<\/p><\/div>\n<div id=\"\">\n<p>Zum heutigen 80. Geburtstag der ehemaligen Pr\u00e4ses der Synode der Evangelischen Kirche in Deutschland (EKD), Irmgard Schwaetzer, haben ihre Nachfolgerin im Amt, Anna-Nicole Heinrich, und die EKD-Ratsvorsitzende, Annette Kurschus, die Gl\u00fcckw\u00fcnsche der Synode und des Rates \u00fcbermittelt und Schwaetzer f\u00fcr ihr langj\u00e4hriges Engagement in der evangelischen Kirche gedankt.<\/p>\n<p>\u201eNiemals empfindet man die Hand Gottes st\u00e4rker \u00fcber sich, als wenn man die Jahre seines vergangenen Lebens betrachtet\u201c, erinnerte die EKD-Ratsvorsitzende in ihrem Gratulationsschreiben an einen Ausspruch Martin Luthers. \u201eIch w\u00fcnsche Dir, dass Du es im Blick zur\u00fcck auf acht gelebte Jahrzehnte so \u00e4hnlich sagen kannst \u2013 und daraus Zuversicht sch\u00f6pfst f\u00fcr die Wege, die vor Dir liegen\u201c, so Kurschus. Sie danke Gott daf\u00fcr, \u201edass und wie Du da bist.\u201c Schwaetzers Zugewandtheit, und darin die Verbindlichkeit und zugleich Entschiedenheit, stehe ihr eindr\u00fccklich vor Augen, wenn sie daran denke, wie die ehemalige Synoden-Pr\u00e4ses ihr Amt ausgef\u00fcllt habe. Es bleibe \u201eeine gro\u00dfe Dankbarkeit f\u00fcr Dich als Menschen, f\u00fcr Dein reiches Leben, f\u00fcr Deinen gro\u00dfen Dienst in unserer Kirche\u201c, so die Ratsvorsitzende.<\/p>\n<p>Die Pr\u00e4ses der EKD-Synode, Anna-Nicole Heinrich, w\u00fcrdigte in ihrer Gratulation insbesondere Schwaetzers Einsatz f\u00fcr junge Menschen in der Kirche. \u201eDu hast nie Angst vor Ver\u00e4nderungen gehabt, sondern Weiterentwicklung vorangetrieben und Potential in Neuem gesehen. Daf\u00fcr m\u00f6chte ich Dir auch pers\u00f6nlich danken, denn gerade in der Beteiligung junger Menschen in der Kirche hat sich dadurch viel bewegt\u201c, so Heinrich. Schwaetzers Synodenleitung habe sich durch Weitblick und ihr sicheres Gesp\u00fcr f\u00fcr Themen ausgezeichnet. \u201eDu bist hartn\u00e4ckig und beharrlich an den Dingen drangeblieben, die wichtig oder einfach dran waren.\u201c Sie sei zutiefst dankbar f\u00fcr Schwaetzers gro\u00dfen pers\u00f6nlichen Einsatz an Kraft und Zeit, aber auch f\u00fcr die Bereitschaft Erfahrungen zu teilen, so Heinrich: \u201eMeine Rolle in der Kirche w\u00e4re nicht dieselbe, ohne Erm\u00f6glicherinnen wie Dich.\u201c<\/p>\n<p>Irmgard Schwaetzer wurde 1942 in M\u00fcnster (Westfalen) geboren. Sie studierte Pharmazie in Passau, M\u00fcnster und Bonn. Nach ihrer Promotion 1971 war die Apothekerin bis 1980 als leitende Angestellte in Unternehmen der pharmazeutischen Industrie und der Konsumg\u00fcterindustrie t\u00e4tig. Die FDP-Politikerin war von 1980 bis 2002 Mitglied des Deutschen Bundestages. Von 1987 bis 1991 war sie Staatsministerin im Ausw\u00e4rtigen Amt, anschlie\u00dfend bis 1994 Bundesministerin f\u00fcr Raumordnung, Bauwesen und St\u00e4dtebau. Seit 2009 geh\u00f6rt Pr\u00e4ses Schwaetzer der Synode der EKD an, ebenso der Vollkonferenz der Union Evangelischer Kirchen in der EKD. Zur Pr\u00e4ses der EKD-Synode wurde Schwaetzer erstmals im November 2013 gew\u00e4hlt. Im Mai 2015 wurde sie f\u00fcr eine weitere Amtszeit gew\u00e4hlt, die im Mai 2021 endete. Vor wenigen Tagen wurde Schwaetzer als Stiftsfrau des Klosters Heiligengrabe im n\u00f6rdlichen Brandenburg eingef\u00fchrt.<\/p>\n<p>Hannover, 5. April 2022<\/p>\n<p>Pressestelle der EKD<br \/>Carsten Split<\/p>\n<\/div>\n","protected":false},"excerpt":{"rendered":"<p>05.04.2022Pressemitteilung Synodenpr\u00e4ses und Ratsvorsitzende gratulieren ehemaliger Pr\u00e4ses Irmgard Schwaetzer zum 80. Geburtstag Zum heutigen 80. Geburtstag der ehemaligen Pr\u00e4ses der<\/p>\n","protected":false},"author":1,"featured_media":0,"comment_status":"closed","ping_status":"closed","sticky":false,"template":"","format":"standard","meta":{"footnotes":""},"categories":[20],"tags":[],"_links":{"self":[{"href":"https:\/\/krankenhauspfarramt.de\/index.php\/wp-json\/wp\/v2\/posts\/4385"}],"collection":[{"href":"https:\/\/krankenhauspfarramt.de\/index.php\/wp-json\/wp\/v2\/posts"}],"about":[{"href":"https:\/\/krankenhauspfarramt.de\/index.php\/wp-json\/wp\/v2\/types\/post"}],"author":[{"embeddable":true,"href":"https:\/\/krankenhauspfarramt.de\/index.php\/wp-json\/wp\/v2\/users\/1"}],"replies":[{"embeddable":true,"href":"https:\/\/krankenhauspfarramt.de\/index.php\/wp-json\/wp\/v2\/comments?post=4385"}],"version-history":[{"count":0,"href":"https:\/\/krankenhauspfarramt.de\/index.php\/wp-json\/wp\/v2\/posts\/4385\/revisions"}],"wp:attachment":[{"href":"https:\/\/krankenhauspfarramt.de\/index.php\/wp-json\/wp\/v2\/media?parent=4385"}],"wp:term":[{"taxonomy":"category","embeddable":true,"href":"https:\/\/krankenhauspfarramt.de\/index.php\/wp-json\/wp\/v2\/categories?post=4385"},{"taxonomy":"post_tag","embeddable":true,"href":"https:\/\/krankenhauspfarramt.de\/index.php\/wp-json\/wp\/v2\/tags?post=4385"}],"curies":[{"name":"wp","href":"https:\/\/api.w.org\/{rel}","templated":true}]}}