{"id":4393,"date":"2022-04-07T12:15:55","date_gmt":"2022-04-07T12:15:55","guid":{"rendered":"https:\/\/krankenhauspfarramt.de\/index.php\/2022\/04\/07\/rheinischer-praeses-latzel-neuer-sportbeauftragter-der-ekd-ekd\/"},"modified":"2022-04-07T12:16:02","modified_gmt":"2022-04-07T12:16:02","slug":"rheinischer-praeses-latzel-neuer-sportbeauftragter-der-ekd-ekd","status":"publish","type":"post","link":"https:\/\/krankenhauspfarramt.de\/index.php\/2022\/04\/07\/rheinischer-praeses-latzel-neuer-sportbeauftragter-der-ekd-ekd\/","title":{"rendered":"Rheinischer Pr\u00e4ses Latzel neuer Sportbeauftragter der EKD \u2013 EKD"},"content":{"rendered":"<p> <br \/>\n<\/p>\n<div>\n<p>\u201eIch bin sehr geehrt und freue mich, dass mich der Rat der Evangelischen Kirche in Deutschland (EKD) zum Sportbeauftragten berufen hat&#8220;, \u00e4u\u00dferte\u00a0sich Thorsten Latzel nach der Berufung.<\/p>\n<p>F\u00fcr den christlichen Glauben spiele\u00a0nicht nur die Seelsorge, sondern auch die K\u00f6rpersorge eine zentrale Rolle: \u201eBeide sind uns von Gott, unserem Sch\u00f6pfer, geschenkt. Training und Sport geh\u00f6ren f\u00fcr mich immer schon zu meinem Glauben dazu, etwa in der CVJM-Jugendarbeit, in der ich selber gro\u00df geworden bin. Viele\u00a0Christinnen und Christen engagieren sich im und f\u00fcr den Sport und ich freue mich, wenn wir sie von Seiten der Kirche in ihrer wichtigen Arbeit unterst\u00fctzen k\u00f6nnen.\u201c<\/p>\n<p>Als Sportbeauftragter wolle er die Zusammenarbeit mit den verschiedenen gesellschaftlichen Akteuren im Sport suchen, k\u00fcndigte Latzel an. Sport habe \u201eeine zentrale gesellschaftliche Bedeutung: f\u00fcr Bildung, f\u00fcr Integration, f\u00fcr sozialen Zusammenhalt, f\u00fcr das Lernen von Fairness, Teamf\u00e4higkeit und Freude an eigener Leistung\u201c. Zugleich stellten sich aber auch viele ethische Fragen, sagte der rheinische Pr\u00e4ses. Er verwies auf Themen wie Kommerzialisierung, Doping, Gewalt, politische Instrumentalisierung und Menschenrechtsverletzungen bei sportlichen Gro\u00dfereignissen.\u00a0<\/p>\n<p>Als Sportbeauftragter m\u00f6chte Latzel daf\u00fcr die Zusammenarbeit mit den verschiedenen gesellschaftlichen Akteuren im Sport suchen und die starke Arbeit etwa des\u00a0\u201eSportethischen Forums der EKD\u201c\u00a0und des \u201eArbeitskreises Kirche und Sport f\u00f6rdern\u201c.<\/p>\n<\/p><\/div>\n","protected":false},"excerpt":{"rendered":"<p>\u201eIch bin sehr geehrt und freue mich, dass mich der Rat der Evangelischen Kirche in Deutschland (EKD) zum Sportbeauftragten berufen<\/p>\n","protected":false},"author":1,"featured_media":2805,"comment_status":"closed","ping_status":"closed","sticky":false,"template":"","format":"standard","meta":{"footnotes":""},"categories":[20],"tags":[],"_links":{"self":[{"href":"https:\/\/krankenhauspfarramt.de\/index.php\/wp-json\/wp\/v2\/posts\/4393"}],"collection":[{"href":"https:\/\/krankenhauspfarramt.de\/index.php\/wp-json\/wp\/v2\/posts"}],"about":[{"href":"https:\/\/krankenhauspfarramt.de\/index.php\/wp-json\/wp\/v2\/types\/post"}],"author":[{"embeddable":true,"href":"https:\/\/krankenhauspfarramt.de\/index.php\/wp-json\/wp\/v2\/users\/1"}],"replies":[{"embeddable":true,"href":"https:\/\/krankenhauspfarramt.de\/index.php\/wp-json\/wp\/v2\/comments?post=4393"}],"version-history":[{"count":1,"href":"https:\/\/krankenhauspfarramt.de\/index.php\/wp-json\/wp\/v2\/posts\/4393\/revisions"}],"predecessor-version":[{"id":4394,"href":"https:\/\/krankenhauspfarramt.de\/index.php\/wp-json\/wp\/v2\/posts\/4393\/revisions\/4394"}],"wp:featuredmedia":[{"embeddable":true,"href":"https:\/\/krankenhauspfarramt.de\/index.php\/wp-json\/wp\/v2\/media\/2805"}],"wp:attachment":[{"href":"https:\/\/krankenhauspfarramt.de\/index.php\/wp-json\/wp\/v2\/media?parent=4393"}],"wp:term":[{"taxonomy":"category","embeddable":true,"href":"https:\/\/krankenhauspfarramt.de\/index.php\/wp-json\/wp\/v2\/categories?post=4393"},{"taxonomy":"post_tag","embeddable":true,"href":"https:\/\/krankenhauspfarramt.de\/index.php\/wp-json\/wp\/v2\/tags?post=4393"}],"curies":[{"name":"wp","href":"https:\/\/api.w.org\/{rel}","templated":true}]}}