{"id":4395,"date":"2022-04-07T16:17:40","date_gmt":"2022-04-07T16:17:40","guid":{"rendered":"https:\/\/krankenhauspfarramt.de\/index.php\/2022\/04\/07\/wolfgang-huber-wird-mit-lutherrose-geehrt-ekd\/"},"modified":"2022-04-07T16:17:48","modified_gmt":"2022-04-07T16:17:48","slug":"wolfgang-huber-wird-mit-lutherrose-geehrt-ekd","status":"publish","type":"post","link":"https:\/\/krankenhauspfarramt.de\/index.php\/2022\/04\/07\/wolfgang-huber-wird-mit-lutherrose-geehrt-ekd\/","title":{"rendered":"Wolfgang Huber wird mit LutherRose geehrt \u2013 EKD"},"content":{"rendered":"<p> <br \/>\n<\/p>\n<div>\n<p>Dabei hob sie Hubers unerm\u00fcdliches Engagement f\u00fcr die Bewahrung und Erneuerung deutscher und internationaler Kultur sowie seine in christlicher Ethik gegr\u00fcndete politische Verantwortung hervor. Huber war von 1994 bis 2009 Bischof der Evangelischen Kirche Berlin-Brandenburg-schlesische Oberlausitz und von 2003 bis 2009 Ratsvorsitzender der Evangelischen Kirche in Deutschland (EKD).<\/p>\n<p>Eingebettet sei die Verleihung in die ebenfalls coronabedingt in dieses Fr\u00fchjahr verlegte Luther-Konferenz 2021. Zum Auftakt werde der ehemalige Bundespr\u00e4sident Joachim Gauck die Festrede zum Thema \u201eKeine liberale Demokratie ohne soziale Marktwirtschaft\u201c halten.<\/p>\n<p>Die am 10. November 2007 in Wittenberg errichtete Stiftung hat ihren Sitz in Eisenach und ihre Gesch\u00e4ftsstelle im Augustinerkloster in Erfurt. Mit der LutherRose wurden bereits unter anderem der Unternehmer Horst Deichmann, der Verleger Dirk Ippen und die Verlegerin Ulla Unseld-Berk\u00e9wicz ausgezeichnet.<\/p>\n<\/p><\/div>\n","protected":false},"excerpt":{"rendered":"<p>Dabei hob sie Hubers unerm\u00fcdliches Engagement f\u00fcr die Bewahrung und Erneuerung deutscher und internationaler Kultur sowie seine in christlicher Ethik<\/p>\n","protected":false},"author":1,"featured_media":4396,"comment_status":"closed","ping_status":"closed","sticky":false,"template":"","format":"standard","meta":{"footnotes":""},"categories":[20],"tags":[],"_links":{"self":[{"href":"https:\/\/krankenhauspfarramt.de\/index.php\/wp-json\/wp\/v2\/posts\/4395"}],"collection":[{"href":"https:\/\/krankenhauspfarramt.de\/index.php\/wp-json\/wp\/v2\/posts"}],"about":[{"href":"https:\/\/krankenhauspfarramt.de\/index.php\/wp-json\/wp\/v2\/types\/post"}],"author":[{"embeddable":true,"href":"https:\/\/krankenhauspfarramt.de\/index.php\/wp-json\/wp\/v2\/users\/1"}],"replies":[{"embeddable":true,"href":"https:\/\/krankenhauspfarramt.de\/index.php\/wp-json\/wp\/v2\/comments?post=4395"}],"version-history":[{"count":1,"href":"https:\/\/krankenhauspfarramt.de\/index.php\/wp-json\/wp\/v2\/posts\/4395\/revisions"}],"predecessor-version":[{"id":4397,"href":"https:\/\/krankenhauspfarramt.de\/index.php\/wp-json\/wp\/v2\/posts\/4395\/revisions\/4397"}],"wp:featuredmedia":[{"embeddable":true,"href":"https:\/\/krankenhauspfarramt.de\/index.php\/wp-json\/wp\/v2\/media\/4396"}],"wp:attachment":[{"href":"https:\/\/krankenhauspfarramt.de\/index.php\/wp-json\/wp\/v2\/media?parent=4395"}],"wp:term":[{"taxonomy":"category","embeddable":true,"href":"https:\/\/krankenhauspfarramt.de\/index.php\/wp-json\/wp\/v2\/categories?post=4395"},{"taxonomy":"post_tag","embeddable":true,"href":"https:\/\/krankenhauspfarramt.de\/index.php\/wp-json\/wp\/v2\/tags?post=4395"}],"curies":[{"name":"wp","href":"https:\/\/api.w.org\/{rel}","templated":true}]}}