{"id":4401,"date":"2022-04-08T16:39:04","date_gmt":"2022-04-08T16:39:04","guid":{"rendered":"https:\/\/krankenhauspfarramt.de\/index.php\/2022\/04\/08\/gesicht-einer-froehlichen-kirche-ekd\/"},"modified":"2022-04-08T16:39:11","modified_gmt":"2022-04-08T16:39:11","slug":"gesicht-einer-froehlichen-kirche-ekd","status":"publish","type":"post","link":"https:\/\/krankenhauspfarramt.de\/index.php\/2022\/04\/08\/gesicht-einer-froehlichen-kirche-ekd\/","title":{"rendered":"Gesicht einer fr\u00f6hlichen Kirche \u2013 EKD"},"content":{"rendered":"<p> <br \/>\n<\/p>\n<div>\n<p>Obwohl die menschliche Verletzlichkeit in der Gesellschaft \u201enicht en vogue\u201c ist, bleibt \u201eder verwundbare Mensch\u201c f\u00fcr Springhart ein Lebensthema. Ihre Habilitationsschrift erschien unter dem Titel \u201eDer verwundbare Mensch. Sterben, Tod und Endlichkeit im Horizont einer realistischen Anthropologie\u201c. Und auch der Kirche w\u00fcnscht sie den Mut, sich nicht nur offen und lernf\u00e4hig, sondern auch mal verletzlich zu zeigen.<\/p>\n<p>Gleichzeitig will die Bisch\u00f6fin mit den blonden Haaren f\u00fcr mehr Fr\u00f6hlichkeit und Leichtigkeit in der Kirche sorgen. \u201eWir m\u00fcssen die Hoffnung, von der wir reden, auch ausstrahlen\u201c, ist sie \u00fcberzeugt. Dabei sei Humor und Gelassenheit hilfreich. Sie bezeichnet sich selbst als das Gesicht einer fr\u00f6hlichen Kirche, in der \u201eniemand zum Lachen in den Keller gehen muss.\u201c<\/p>\n<p>Springhart, die in Basel geborgen wurde und im Schwarzwald aufgewachsen ist, will \u201eKirche in ihrer bunten Vielfalt gestalten\u201c. \u201eMein Herz schl\u00e4gt f\u00fcr eine Kirche, die aus der Kraft des Evangeliums lebt, die kraftvoll feiert und die sich \u00f6ffentlich h\u00f6ren und sehen lassen kann\u201c, erkl\u00e4rt die 47-J\u00e4hrige, die sich als \u201ehoffnungsstur und glaubensheiter\u201c beschreibt.<\/p>\n<p>Auch die \u00d6kumene mit der katholischen Kirche liegt ihr am Herzen. Trotz aller Verwerfungen und Trennungen, \u201ein Christus sind wir eins\u201c, erkl\u00e4rt die evangelische Theologin mit Blick auf die weltweite \u00d6kumene und die Vollversammlung des \u00d6kumenischen Rates der Kirchen vom 31. August bis 8. September 2022 in Karlsruhe. Somit k\u00f6nne man die herausfordernden Fragen der Zeit gemeinsam angehen.<\/p>\n<p>Dabei gehe es um Frieden in Zeiten des Krieges, Klimawandel und Bewahrung der Sch\u00f6pfung, Gerechtigkeit f\u00fcr Unterdr\u00fcckte, aber auch gleiche Rechte f\u00fcr Menschen jeglichen Geschlechts und sexueller Orientierung. Ein besonderes Anliegen ist ihr die Aufarbeitung sexualisierter Gewalt in Kirche und Gesellschaft.<\/p>\n<p>Geb\u00fcrtig in Basel absolvierte Heike Springhart ihr Studium in Bethel, Leipzig, Basel und Heidelberg. Neben ihrem Engagement am Theologischen Studienhaus Heidelberg und dem Evangelischen Studienseminar Morata-Haus war sie auch Pfarrerin in Mannheim und Pforzheim. Auslandsaufenthalte f\u00fchrten sie etwa nach Chicago und Washington DC.<\/p>\n<p>Auch privat reist die allein lebende Theologin gerne und h\u00e4lt kleine Absurdit\u00e4ten des Alltags mit der Kamera fest. Ein gelungener Tag beinhaltet auch das Gespr\u00e4ch und Treffen mit Freunden. Ihre Hobbies sind neben dem Lesen, das Singen im Chor und das Klavierspiel.<\/p>\n<p>Heiter und gelassen will Springhart die Kirche in Baden in den n\u00e4chsten zw\u00f6lf Jahren durch den Transformationsprozess f\u00fchren, der ihrer Einsch\u00e4tzung nach l\u00e4ngst begonnen hat. Gut m\u00f6glich, dass der neuen Landesbisch\u00f6fin ihr Lieblingsbibelvers \u201eF\u00fcrchte dich nicht, denn ich bin bei dir\u201c noch so einige Male den R\u00fccken st\u00e4rken wird. Den Spruch, der auf Hebr\u00e4isch in ihren Ordinationsring eingraviert ist, tr\u00e4gt sie immer bei sich.<\/p>\n<h3>Festgottesdienst mit 500 G\u00e4sten am Sonntag<\/h3>\n<p>Mit einem Festgottesdienst in der Karlsruher Stadtkirche wird am Sonntag die erste Bisch\u00f6fin der Evangelischen Landeskirche in Baden, Heike Springhart, offiziell in ihr Amt eingef\u00fchrt. Gleichzeitig wird auch Landesbischof Jochen Cornelius-Bundschuh verabschiedet, der am 31. M\u00e4rz in den Ruhestand getreten ist. Die feierliche \u00dcbergabe des Amtskreuzes durch Synodalpr\u00e4sident Axel Wermke findet im Beisein von mehr als 500 G\u00e4sten in der Stadtkirche Karlsruhe statt und wird auch im SWR-Fernsehen \u00fcbertragen.<\/p>\n<p>Zum Amtswechsel werden die Ratsvorsitzende der Evangelischen Kirche in Deutschland (EKD), Annette Kurschus und der baden-w\u00fcrttembergische Ministerpr\u00e4sident Winfried Kretschmann (Gr\u00fcne) sowie weitere G\u00e4ste aus Kirche und Politik erwartet.<\/p>\n<p>Mit Heike Springhart, Pfarrerin und Professorin f\u00fcr Systematische Theologie, hatte die Synode der Evangelischen Landeskirche in Baden im Dezember erstmals eine Frau ins Bischofsamt gew\u00e4hlt. Genau 50 Jahre zuvor war &#8211; mit Hilde Bitz &#8211; die erste Frau in Baden ins Pfarramt eingef\u00fchrt worden.<\/p>\n<p>Obwohl die Corona-Schutzma\u00dfnahmen weitestgehend aufgehoben sind, bittet die Landeskirche die G\u00e4ste , eine Maske zu tragen und vorab einen Corona-Schnelltest zu machen.<\/p>\n<\/p><\/div>\n","protected":false},"excerpt":{"rendered":"<p>Obwohl die menschliche Verletzlichkeit in der Gesellschaft \u201enicht en vogue\u201c ist, bleibt \u201eder verwundbare Mensch\u201c f\u00fcr Springhart ein Lebensthema. Ihre<\/p>\n","protected":false},"author":1,"featured_media":4010,"comment_status":"closed","ping_status":"closed","sticky":false,"template":"","format":"standard","meta":{"footnotes":""},"categories":[20],"tags":[],"_links":{"self":[{"href":"https:\/\/krankenhauspfarramt.de\/index.php\/wp-json\/wp\/v2\/posts\/4401"}],"collection":[{"href":"https:\/\/krankenhauspfarramt.de\/index.php\/wp-json\/wp\/v2\/posts"}],"about":[{"href":"https:\/\/krankenhauspfarramt.de\/index.php\/wp-json\/wp\/v2\/types\/post"}],"author":[{"embeddable":true,"href":"https:\/\/krankenhauspfarramt.de\/index.php\/wp-json\/wp\/v2\/users\/1"}],"replies":[{"embeddable":true,"href":"https:\/\/krankenhauspfarramt.de\/index.php\/wp-json\/wp\/v2\/comments?post=4401"}],"version-history":[{"count":1,"href":"https:\/\/krankenhauspfarramt.de\/index.php\/wp-json\/wp\/v2\/posts\/4401\/revisions"}],"predecessor-version":[{"id":4402,"href":"https:\/\/krankenhauspfarramt.de\/index.php\/wp-json\/wp\/v2\/posts\/4401\/revisions\/4402"}],"wp:featuredmedia":[{"embeddable":true,"href":"https:\/\/krankenhauspfarramt.de\/index.php\/wp-json\/wp\/v2\/media\/4010"}],"wp:attachment":[{"href":"https:\/\/krankenhauspfarramt.de\/index.php\/wp-json\/wp\/v2\/media?parent=4401"}],"wp:term":[{"taxonomy":"category","embeddable":true,"href":"https:\/\/krankenhauspfarramt.de\/index.php\/wp-json\/wp\/v2\/categories?post=4401"},{"taxonomy":"post_tag","embeddable":true,"href":"https:\/\/krankenhauspfarramt.de\/index.php\/wp-json\/wp\/v2\/tags?post=4401"}],"curies":[{"name":"wp","href":"https:\/\/api.w.org\/{rel}","templated":true}]}}