{"id":4408,"date":"2022-04-11T22:09:57","date_gmt":"2022-04-11T22:09:57","guid":{"rendered":"https:\/\/krankenhauspfarramt.de\/index.php\/2022\/04\/11\/baden-setzt-auf-kirchengestaltende-kraft-der-theologie-ekd\/"},"modified":"2022-04-11T22:10:04","modified_gmt":"2022-04-11T22:10:04","slug":"baden-setzt-auf-kirchengestaltende-kraft-der-theologie-ekd","status":"publish","type":"post","link":"https:\/\/krankenhauspfarramt.de\/index.php\/2022\/04\/11\/baden-setzt-auf-kirchengestaltende-kraft-der-theologie-ekd\/","title":{"rendered":"Baden setzt auf kirchengestaltende Kraft der Theologie \u2013 EKD"},"content":{"rendered":"<p> <br \/>\n<\/p>\n<div>\n<p>Als erste Bisch\u00f6fin der Evangelischen Landeskirche in Baden war Heike Springhart (47) am Sonntagvormittag mit einem Festgottesdienst vor mehr als 500 G\u00e4sten aus Kirche, Politik und Gesellschaft offiziell in ihr Amt eingef\u00fchrt worden. Gleichzeit wurde ihr Vorg\u00e4nger Jochen Cornelius-Bundschuh (64) in den Ruhestand verabschiedet.<\/p>\n<p>Es werde der Evangelischen Kirche in Deutschland (EKD) guttun, dass \u201eHeike Springhart ihre gro\u00dfen Gaben und ihre gewinnende Pers\u00f6nlichkeit nun auch im vielstimmigen Konzert der EKD zum Einsatz bringt\u201c, erkl\u00e4rte Kurschus. Bei der Wahl Springharts wie auch bei ihrem Vorg\u00e4nger habe die Landeskirche auf die \u201ekirchengestaltende Kraft der Theologie\u201c gesetzt. Kurschus w\u00fcrdigte Cornelius-Bundschuh als einen Theologen, der im Bischofsamt theologische Reflexion und kirchenleitende Verantwortung auf \u00fcberzeugende Weise miteinander verbunden habe.<\/p>\n<p>Cornelius-Bundschuh habe als Landesbischof viel bewegt, klar Position bezogen und Menschen zusammengebracht, sagte der baden-w\u00fcrttembergische Ministerpr\u00e4sident Winfried Kretschmann (Gr\u00fcne). Als Beispiele nannte er den Umgang mit Fl\u00fcchtlingen und das Engagement gegen den Klimawandel. Springhart \u00fcbernehme nun eine anspruchsvolles und verantwortungsvolles Amt in einer Zeit, in der die Gesellschaft wie die Kirchen vor gro\u00dfen Herausforderungen st\u00fcnden. \u201eWenn die Kirche als S\u00e4ule wackelt, bekommt auch unser ganzes gesellschaftliches Haus tiefe Risse\u201c, so Kretschmann.<\/p>\n<\/p><\/div>\n","protected":false},"excerpt":{"rendered":"<p>Als erste Bisch\u00f6fin der Evangelischen Landeskirche in Baden war Heike Springhart (47) am Sonntagvormittag mit einem Festgottesdienst vor mehr als<\/p>\n","protected":false},"author":1,"featured_media":4409,"comment_status":"closed","ping_status":"closed","sticky":false,"template":"","format":"standard","meta":{"footnotes":""},"categories":[20],"tags":[],"_links":{"self":[{"href":"https:\/\/krankenhauspfarramt.de\/index.php\/wp-json\/wp\/v2\/posts\/4408"}],"collection":[{"href":"https:\/\/krankenhauspfarramt.de\/index.php\/wp-json\/wp\/v2\/posts"}],"about":[{"href":"https:\/\/krankenhauspfarramt.de\/index.php\/wp-json\/wp\/v2\/types\/post"}],"author":[{"embeddable":true,"href":"https:\/\/krankenhauspfarramt.de\/index.php\/wp-json\/wp\/v2\/users\/1"}],"replies":[{"embeddable":true,"href":"https:\/\/krankenhauspfarramt.de\/index.php\/wp-json\/wp\/v2\/comments?post=4408"}],"version-history":[{"count":1,"href":"https:\/\/krankenhauspfarramt.de\/index.php\/wp-json\/wp\/v2\/posts\/4408\/revisions"}],"predecessor-version":[{"id":4410,"href":"https:\/\/krankenhauspfarramt.de\/index.php\/wp-json\/wp\/v2\/posts\/4408\/revisions\/4410"}],"wp:featuredmedia":[{"embeddable":true,"href":"https:\/\/krankenhauspfarramt.de\/index.php\/wp-json\/wp\/v2\/media\/4409"}],"wp:attachment":[{"href":"https:\/\/krankenhauspfarramt.de\/index.php\/wp-json\/wp\/v2\/media?parent=4408"}],"wp:term":[{"taxonomy":"category","embeddable":true,"href":"https:\/\/krankenhauspfarramt.de\/index.php\/wp-json\/wp\/v2\/categories?post=4408"},{"taxonomy":"post_tag","embeddable":true,"href":"https:\/\/krankenhauspfarramt.de\/index.php\/wp-json\/wp\/v2\/tags?post=4408"}],"curies":[{"name":"wp","href":"https:\/\/api.w.org\/{rel}","templated":true}]}}