{"id":4411,"date":"2022-04-12T02:25:28","date_gmt":"2022-04-12T02:25:28","guid":{"rendered":"https:\/\/krankenhauspfarramt.de\/index.php\/2022\/04\/12\/der-leidensweg-jesu-als-show-event-mit-stars-und-popsongs-ekd\/"},"modified":"2022-04-12T02:25:36","modified_gmt":"2022-04-12T02:25:36","slug":"der-leidensweg-jesu-als-show-event-mit-stars-und-popsongs-ekd","status":"publish","type":"post","link":"https:\/\/krankenhauspfarramt.de\/index.php\/2022\/04\/12\/der-leidensweg-jesu-als-show-event-mit-stars-und-popsongs-ekd\/","title":{"rendered":"Der Leidensweg Jesu als Show-Event mit Stars und Popsongs \u2013 EKD"},"content":{"rendered":"<p> <br \/>\n<\/p>\n<div>\n<p>Erz\u00e4hlt wird die Passions- und Ostergeschichte nach Angaben des Privatsenders anhand von aufgezeichneten Einspielern, die an Schaupl\u00e4tzen in Essen produziert wurden. Mithilfe deutscher Popsongs werden die Geschehnisse in die heutige Zeit transportiert. Auf der Hauptb\u00fchne werden die S\u00e4nger musikalisch von einer Band und einem Chor unterst\u00fctzt. Zeitgleich zur Inszenierung auf der B\u00fchne wird in einer Prozession ein gro\u00dfes, leuchtendes Kreuz vom Stadtteil R\u00fcttenscheid zum Finale auf dem Burgplatz getragen.<\/p>\n<p>Mit der Veranstaltung wolle RTL Haltung zeigen, betonte Kai Sturm, RTL-Bereichsleiter Entwicklung, bei der Vorstellung des Projekts. \u201eDie Grundgedanken der Passionsgeschichte gehen weit \u00fcber einen rein religi\u00f6sen Hintergrund hinaus und handeln von universellen und zeitlosen menschlichen Themen.\u201c Hier gehe es um Respekt und Liebe f\u00fcr den N\u00e4chsten &#8211; unabh\u00e4ngig von Herkunft und Religion.<\/p>\n<p>Das erz\u00e4hlerische Konzept \u00fcbernahm RTL vom niederl\u00e4ndischen Fernsehen. Dort ist das Event schon seit zw\u00f6lf Jahren zu Ostern fest im Programm. Ausl\u00f6ser war eine Umfrage von 2007, nach der weniger als 30 Prozent der niederl\u00e4ndischen Bev\u00f6lkerung die Ostergeschichte kannten, wie der Erfinder des Formats, Produzent und Regisseur Jacco Doornbos sagte. Einige Jahre sp\u00e4ter seien es dank des j\u00e4hrlichen TV-Events mit Top-Einschaltquoten bereits 56 Prozent gewesen. Auff\u00fchrungsorte waren unter anderem Rotterdam, Enschede, Amersfoort, Den Haag, Amsterdam und zuletzt Roermond.<\/p>\n<p>Die Kirchen sehen \u201eDie Passion\u201c als Chance und unterst\u00fctzen sie mit eigenen Aktivit\u00e4ten. So schl\u00e4gt die Evangelische Kirche in Deutschland (EKD) vor, sich das TV-Event in Gemeinden oder Hauskreisen gemeinsam anzuschauen, und hat daf\u00fcr Materialien entwickelt. Das B\u00fchnen- und Fernsehereignis sei ein bedeutsamer Versuch, die Passionsgeschichte unter den Bedingungen einer sp\u00e4tmodernen Popularkultur neu zu pr\u00e4sentieren, sagte der EKD-Kulturbeauftragte Johann Hinrich Claussen. Die Geschichte von Leiden, Sterben und Auferstehung Christi sei nicht Eigentum der Kirche.<\/p>\n<p>Die Arbeitsgemeinschaft Missionarische Dienste im Diakonischen Werk der EKD, das Bonifatiuswerk der deutschen Katholiken und die Deutsche Bibelgesellschaft sowie weitere Partner werben f\u00fcr die Veranstaltung mit einer eigenen Webseite. Auf \u201ewww.die-passion-erleben.de\u201c finden sich zudem Hintergrundinformationen zur Bedeutung von Passion und Ostern f\u00fcr Christen und ein Link zur Passionsgeschichte in der Bibel. Am Auff\u00fchrungsort Essen begleiten die evangelische und die katholische Kirche das Live-Event mit einem eigenen Rahmenprogramm.<\/p>\n<p style=\"text-align:right\"><em>Von Esther Soth (epd)<\/em><\/p>\n<\/p><\/div>\n","protected":false},"excerpt":{"rendered":"<p>Erz\u00e4hlt wird die Passions- und Ostergeschichte nach Angaben des Privatsenders anhand von aufgezeichneten Einspielern, die an Schaupl\u00e4tzen in Essen produziert<\/p>\n","protected":false},"author":1,"featured_media":4412,"comment_status":"closed","ping_status":"closed","sticky":false,"template":"","format":"standard","meta":{"footnotes":""},"categories":[20],"tags":[],"_links":{"self":[{"href":"https:\/\/krankenhauspfarramt.de\/index.php\/wp-json\/wp\/v2\/posts\/4411"}],"collection":[{"href":"https:\/\/krankenhauspfarramt.de\/index.php\/wp-json\/wp\/v2\/posts"}],"about":[{"href":"https:\/\/krankenhauspfarramt.de\/index.php\/wp-json\/wp\/v2\/types\/post"}],"author":[{"embeddable":true,"href":"https:\/\/krankenhauspfarramt.de\/index.php\/wp-json\/wp\/v2\/users\/1"}],"replies":[{"embeddable":true,"href":"https:\/\/krankenhauspfarramt.de\/index.php\/wp-json\/wp\/v2\/comments?post=4411"}],"version-history":[{"count":1,"href":"https:\/\/krankenhauspfarramt.de\/index.php\/wp-json\/wp\/v2\/posts\/4411\/revisions"}],"predecessor-version":[{"id":4413,"href":"https:\/\/krankenhauspfarramt.de\/index.php\/wp-json\/wp\/v2\/posts\/4411\/revisions\/4413"}],"wp:featuredmedia":[{"embeddable":true,"href":"https:\/\/krankenhauspfarramt.de\/index.php\/wp-json\/wp\/v2\/media\/4412"}],"wp:attachment":[{"href":"https:\/\/krankenhauspfarramt.de\/index.php\/wp-json\/wp\/v2\/media?parent=4411"}],"wp:term":[{"taxonomy":"category","embeddable":true,"href":"https:\/\/krankenhauspfarramt.de\/index.php\/wp-json\/wp\/v2\/categories?post=4411"},{"taxonomy":"post_tag","embeddable":true,"href":"https:\/\/krankenhauspfarramt.de\/index.php\/wp-json\/wp\/v2\/tags?post=4411"}],"curies":[{"name":"wp","href":"https:\/\/api.w.org\/{rel}","templated":true}]}}