{"id":4417,"date":"2022-04-13T09:13:55","date_gmt":"2022-04-13T09:13:55","guid":{"rendered":"https:\/\/krankenhauspfarramt.de\/index.php\/2022\/04\/13\/gott-selbst-an-der-seite-der-gemarterten-ekd\/"},"modified":"2022-04-13T09:14:03","modified_gmt":"2022-04-13T09:14:03","slug":"gott-selbst-an-der-seite-der-gemarterten-ekd","status":"publish","type":"post","link":"https:\/\/krankenhauspfarramt.de\/index.php\/2022\/04\/13\/gott-selbst-an-der-seite-der-gemarterten-ekd\/","title":{"rendered":"Gott selbst an der Seite der Gemarterten. \u2013 EKD"},"content":{"rendered":"<p> <br \/>\n<\/p>\n<div id=\"\">\n<div class=\"article--meta article--meta__border clearfix\">\n<p>                                    <time datetime=\"13.04.2022 10:00\" class=\"article--time\">13.04.2022<\/time><strong class=\"article--type primus--overline\">Pressemitteilung<\/strong><\/p>\n<picture class=\"article--source-image image\"><source srcset=\"https:\/\/www.ekd.de\/ekd_de\/ds_img\/assets\/20170622_ekd-Quellenlogo_141_rdax_423x118.png\"><!--<source srcset=\"\/ekd_de\/ds_img\/assets\/20170622_ekd-Quellenlogo_141_rdax_141x39.png 1x, \/ekd_de\/ds_img\/assets\/20170622_ekd-Quellenlogo_141_rdax_282x78.png 2x, https:\/\/www.ekd.de\/ekd_de\/ds_img\/assets\/20170622_ekd-Quellenlogo_141_rdax_423x118.png 3x\">--><\/source><\/picture>\n<\/p><\/div>\n<h2 class=\"article--sub-headline primus--sub-headline\">Karfreitagsbotschaft der westf\u00e4lischen Pr\u00e4ses und EKD-Ratsvorsitzenden Annette Kurschus<\/h2>\n<\/p><\/div>\n<div id=\"\">\n<p>\u201eDas Kreuz vom Karfreitag steht f\u00fcr das Schlimmste und Brutalste, was Menschen einander antun k\u00f6nnen. Golgatha \u2013 das ist heute in Butscha, Mariupol, Charkiw. Jesus ist ein Leidensgenosse der Menschen, die dort von Soldaten gefangengenommen, gefoltert und get\u00f6tet werden. Er ist ein Leidensgenosse derer, mit denen die Schergen der Kriegsherren ihren Mutwillen treiben und die aus kaltherzigem Machtkalk\u00fcl geopfert werden. Und wie Jesus rufen, denken, seufzen viele: Mein Gott, mein Gott, warum? Warum hast du mich verlassen?\u201c, sagt Annette Kurschus, Ratsvorsitzende der Evangelischen Kirche in Deutschland und zugleich Pr\u00e4ses der Evangelischen Kirche von Westfalen, in ihrer Karfreitagsbotschaft.<\/p>\n<p>Der Karfreitag mutet uns zu, der Verzweiflung der Leidenden bis in die tiefste Tiefe nachzugehen und denen, die von ihr \u00fcberw\u00e4ltigt sind, beizustehen. Gott selbst stellt sich in Jesus an die Seite derer, die sich von Gott verlassen w\u00e4hnen.<\/p>\n<p>In diesem Jahr, so Kurschus, treffe die Botschaft des Karfreitags auf Menschen, die von der langen Zeit der Corona-Pandemie ersch\u00f6pft sind. Menschen, die Angst vor dem Krieg im Osten Europas haben, die w\u00fctend sind auf den skrupellosen russischen Pr\u00e4sidenten Putin und dessen brutalen Angriffskrieg; Menschen, die Mitleid haben mit den Opfern auf beiden Seiten des Krieges. Viele von ihnen fragen: Stimmt es wirklich mit der Botschaft vom Leben, das st\u00e4rker ist als der Tod?<\/p>\n<p>Kurschus: \u201eDer Tod mit seiner zerst\u00f6rerischen Macht wird weder sch\u00f6ngeredet noch ausgeblendet. Die Botschaft von der Leidensgenossenschaft Jesu mit den Gemarterten trifft mitten hinein in das schiere Entsetzen, das der Tod verbreitet. Am Kreuz setzt der Tod seinen Stachel ins Leben Gottes. Und da muss er ihn lassen, wie ein giftiges Insekt. Am Ende wird das Leben siegen. Doch an Karfreitag sind wir da noch nicht. An Karfreitag will die elende Todesnot ausgehalten sein.&#8220;<\/p>\n<p>Hannover\/Bielefeld, 13. April 2022<\/p>\n<p>Pressestelle der EKD<br \/>\u00a0<\/p>\n<\/div>\n","protected":false},"excerpt":{"rendered":"<p>13.04.2022Pressemitteilung Karfreitagsbotschaft der westf\u00e4lischen Pr\u00e4ses und EKD-Ratsvorsitzenden Annette Kurschus \u201eDas Kreuz vom Karfreitag steht f\u00fcr das Schlimmste und Brutalste, was<\/p>\n","protected":false},"author":1,"featured_media":4418,"comment_status":"closed","ping_status":"closed","sticky":false,"template":"","format":"standard","meta":{"footnotes":""},"categories":[20],"tags":[],"_links":{"self":[{"href":"https:\/\/krankenhauspfarramt.de\/index.php\/wp-json\/wp\/v2\/posts\/4417"}],"collection":[{"href":"https:\/\/krankenhauspfarramt.de\/index.php\/wp-json\/wp\/v2\/posts"}],"about":[{"href":"https:\/\/krankenhauspfarramt.de\/index.php\/wp-json\/wp\/v2\/types\/post"}],"author":[{"embeddable":true,"href":"https:\/\/krankenhauspfarramt.de\/index.php\/wp-json\/wp\/v2\/users\/1"}],"replies":[{"embeddable":true,"href":"https:\/\/krankenhauspfarramt.de\/index.php\/wp-json\/wp\/v2\/comments?post=4417"}],"version-history":[{"count":1,"href":"https:\/\/krankenhauspfarramt.de\/index.php\/wp-json\/wp\/v2\/posts\/4417\/revisions"}],"predecessor-version":[{"id":4419,"href":"https:\/\/krankenhauspfarramt.de\/index.php\/wp-json\/wp\/v2\/posts\/4417\/revisions\/4419"}],"wp:featuredmedia":[{"embeddable":true,"href":"https:\/\/krankenhauspfarramt.de\/index.php\/wp-json\/wp\/v2\/media\/4418"}],"wp:attachment":[{"href":"https:\/\/krankenhauspfarramt.de\/index.php\/wp-json\/wp\/v2\/media?parent=4417"}],"wp:term":[{"taxonomy":"category","embeddable":true,"href":"https:\/\/krankenhauspfarramt.de\/index.php\/wp-json\/wp\/v2\/categories?post=4417"},{"taxonomy":"post_tag","embeddable":true,"href":"https:\/\/krankenhauspfarramt.de\/index.php\/wp-json\/wp\/v2\/tags?post=4417"}],"curies":[{"name":"wp","href":"https:\/\/api.w.org\/{rel}","templated":true}]}}