{"id":4420,"date":"2022-04-13T10:54:23","date_gmt":"2022-04-13T10:54:23","guid":{"rendered":"https:\/\/krankenhauspfarramt.de\/index.php\/2022\/04\/13\/jesus-in-gethsemane-ekd\/"},"modified":"2022-04-13T10:54:30","modified_gmt":"2022-04-13T10:54:30","slug":"jesus-in-gethsemane-ekd","status":"publish","type":"post","link":"https:\/\/krankenhauspfarramt.de\/index.php\/2022\/04\/13\/jesus-in-gethsemane-ekd\/","title":{"rendered":"Jesus in Gethsemane \u2013 EKD"},"content":{"rendered":"<p> <br \/>\n<\/p>\n<div>\n<p>\u00a0Fragend und anklagend stehe ich da. Ich wei\u00df nicht, warum Gott Leid zul\u00e4sst. Ich habe darauf bisher leider auch noch keine Antwort bekommen.\u00a0 Auch in der Bibel gibt es keine letztg\u00fcltige Formel der Welterkl\u00e4rung. Aber ich habe ein Bild vor Augen, das mich innehalten l\u00e4sst.<\/p>\n<p>Vielleicht so: Ich stehe da, zwischen all dem Leid. Neben dem Menschen auf der Flucht. Der Verlust seiner geliebten Menschen raubt mir fast den Atem. Wir stehen lange still da, weil man keine Worte findet f\u00fcr solch einen Schmerz.<\/p>\n<p>\u00a0Wir f\u00fchlen uns einsam. Wir nehmen uns an die Hand und halten uns fest. Zusammen klagen wir Gott an. Gott &#8211; warum hast Du uns verlassen? Dein Schweigen ist so unertr\u00e4glich laut.<\/p>\n<p>Jesus kommt dazu. Er sagt: \u201eIch war da auch. Ich hatte Todesangst im Garten Gethsemane. Weil ich wusste, dass ich sterben werde. Ich wei\u00df, wie es sich anf\u00fchlt, wenn alles zu Bruch geht. Wenn es ganz dunkel wird. Vielleicht hilft es ein bisschen, dass ich wei\u00df wie es ist. Ich weine mit. Jede Tr\u00e4ne von jedem einzelnen von Euch &#8211; ich fange sie auf.\u201c<\/p>\n<p>Wir stehen neben Jesus am Kreuz. Wir haben seinen Tod vor Augen. Voller Angst und Leid. Wie k\u00f6nnen wir das Leid ertragen? Keinesfalls alleine, sondern nur gemeinsam. Wir nehmen uns an die Hand. Der Mensch auf der Flucht, Jesus und ich. Wir halten uns aneinander fest.<\/p>\n<p>Und Jesus sagt: \u201eIch war da. Ich bin da. Ich lass dich nicht alleine. Wir gehen da zusammen durch. Wir gehen kaputt. Aber ich richte Euch wieder auf. Wir verzweifeln. Aber wir halten uns fest.\u201c<\/p>\n<\/p><\/div>\n","protected":false},"excerpt":{"rendered":"<p>\u00a0Fragend und anklagend stehe ich da. Ich wei\u00df nicht, warum Gott Leid zul\u00e4sst. Ich habe darauf bisher leider auch noch<\/p>\n","protected":false},"author":1,"featured_media":4421,"comment_status":"closed","ping_status":"closed","sticky":false,"template":"","format":"standard","meta":{"footnotes":""},"categories":[20],"tags":[],"_links":{"self":[{"href":"https:\/\/krankenhauspfarramt.de\/index.php\/wp-json\/wp\/v2\/posts\/4420"}],"collection":[{"href":"https:\/\/krankenhauspfarramt.de\/index.php\/wp-json\/wp\/v2\/posts"}],"about":[{"href":"https:\/\/krankenhauspfarramt.de\/index.php\/wp-json\/wp\/v2\/types\/post"}],"author":[{"embeddable":true,"href":"https:\/\/krankenhauspfarramt.de\/index.php\/wp-json\/wp\/v2\/users\/1"}],"replies":[{"embeddable":true,"href":"https:\/\/krankenhauspfarramt.de\/index.php\/wp-json\/wp\/v2\/comments?post=4420"}],"version-history":[{"count":1,"href":"https:\/\/krankenhauspfarramt.de\/index.php\/wp-json\/wp\/v2\/posts\/4420\/revisions"}],"predecessor-version":[{"id":4422,"href":"https:\/\/krankenhauspfarramt.de\/index.php\/wp-json\/wp\/v2\/posts\/4420\/revisions\/4422"}],"wp:featuredmedia":[{"embeddable":true,"href":"https:\/\/krankenhauspfarramt.de\/index.php\/wp-json\/wp\/v2\/media\/4421"}],"wp:attachment":[{"href":"https:\/\/krankenhauspfarramt.de\/index.php\/wp-json\/wp\/v2\/media?parent=4420"}],"wp:term":[{"taxonomy":"category","embeddable":true,"href":"https:\/\/krankenhauspfarramt.de\/index.php\/wp-json\/wp\/v2\/categories?post=4420"},{"taxonomy":"post_tag","embeddable":true,"href":"https:\/\/krankenhauspfarramt.de\/index.php\/wp-json\/wp\/v2\/tags?post=4420"}],"curies":[{"name":"wp","href":"https:\/\/api.w.org\/{rel}","templated":true}]}}