{"id":4423,"date":"2022-04-13T14:55:36","date_gmt":"2022-04-13T14:55:36","guid":{"rendered":"https:\/\/krankenhauspfarramt.de\/index.php\/2022\/04\/13\/bewerbungsphase-fuer-kirchentag-in-nuernberg-startet-bald-ekd\/"},"modified":"2022-04-13T14:55:44","modified_gmt":"2022-04-13T14:55:44","slug":"bewerbungsphase-fuer-kirchentag-in-nuernberg-startet-bald-ekd","status":"publish","type":"post","link":"https:\/\/krankenhauspfarramt.de\/index.php\/2022\/04\/13\/bewerbungsphase-fuer-kirchentag-in-nuernberg-startet-bald-ekd\/","title":{"rendered":"Bewerbungsphase f\u00fcr Kirchentag in N\u00fcrnberg startet bald \u2013 EKD"},"content":{"rendered":"<p> <br \/>\n<\/p>\n<div>\n<p>Kirchentags-Generalsekret\u00e4rin Kristin Jahn sagte, der Kirchentag sei \u201eeine wichtige Echokammer f\u00fcr unsere Gesellschaft\u201c und zugleich eine Zukunftswerkstatt: \u201eAufgrund der aktuellen einschneidenden Ver\u00e4nderungen brauchen wir beides: Vergewisserung und Aufbruch.\u201c Nach der langen Zeit Corona-bedingter Trennung biete sich in N\u00fcrnberg wieder die Chance, einander \u201eHoffnung, Kraft und Ideen zu schenken\u201c. Zu den vom Kirchentags-Pr\u00e4sidium ausgew\u00e4hlten Themenfeldern und Programmprojekte sollen nun ehrenamtliche Programmgremien rund 2.000 Einzelveranstaltungen entwickeln.<\/p>\n<p>Themenfelder wie Verschw\u00f6rungsmythen, Freiheit und Solidarit\u00e4t oder Wohlstand und Armut fragten nach den Auswirkungen der Corona-Pandemie und des Krieges in Europa. Hinzu k\u00e4men zahlreiche weitere Zentren, Thementage und Podienreihen, bei denen die pr\u00e4genden Debatten vorangegangener Kirchentage fortgesetzt werden. Dazu geh\u00f6ren laut Mitteilung: Digitale Kirche und Gottesdienst, Inklusion, Geschlechterwelten und Regenbogen, Generationengerechtigkeit sowie der interreligi\u00f6se Dialog.<\/p>\n<\/p><\/div>\n","protected":false},"excerpt":{"rendered":"<p>Kirchentags-Generalsekret\u00e4rin Kristin Jahn sagte, der Kirchentag sei \u201eeine wichtige Echokammer f\u00fcr unsere Gesellschaft\u201c und zugleich eine Zukunftswerkstatt: \u201eAufgrund der aktuellen<\/p>\n","protected":false},"author":1,"featured_media":4424,"comment_status":"closed","ping_status":"closed","sticky":false,"template":"","format":"standard","meta":{"footnotes":""},"categories":[20],"tags":[],"_links":{"self":[{"href":"https:\/\/krankenhauspfarramt.de\/index.php\/wp-json\/wp\/v2\/posts\/4423"}],"collection":[{"href":"https:\/\/krankenhauspfarramt.de\/index.php\/wp-json\/wp\/v2\/posts"}],"about":[{"href":"https:\/\/krankenhauspfarramt.de\/index.php\/wp-json\/wp\/v2\/types\/post"}],"author":[{"embeddable":true,"href":"https:\/\/krankenhauspfarramt.de\/index.php\/wp-json\/wp\/v2\/users\/1"}],"replies":[{"embeddable":true,"href":"https:\/\/krankenhauspfarramt.de\/index.php\/wp-json\/wp\/v2\/comments?post=4423"}],"version-history":[{"count":1,"href":"https:\/\/krankenhauspfarramt.de\/index.php\/wp-json\/wp\/v2\/posts\/4423\/revisions"}],"predecessor-version":[{"id":4425,"href":"https:\/\/krankenhauspfarramt.de\/index.php\/wp-json\/wp\/v2\/posts\/4423\/revisions\/4425"}],"wp:featuredmedia":[{"embeddable":true,"href":"https:\/\/krankenhauspfarramt.de\/index.php\/wp-json\/wp\/v2\/media\/4424"}],"wp:attachment":[{"href":"https:\/\/krankenhauspfarramt.de\/index.php\/wp-json\/wp\/v2\/media?parent=4423"}],"wp:term":[{"taxonomy":"category","embeddable":true,"href":"https:\/\/krankenhauspfarramt.de\/index.php\/wp-json\/wp\/v2\/categories?post=4423"},{"taxonomy":"post_tag","embeddable":true,"href":"https:\/\/krankenhauspfarramt.de\/index.php\/wp-json\/wp\/v2\/tags?post=4423"}],"curies":[{"name":"wp","href":"https:\/\/api.w.org\/{rel}","templated":true}]}}