{"id":4426,"date":"2022-04-13T18:59:14","date_gmt":"2022-04-13T18:59:14","guid":{"rendered":"https:\/\/krankenhauspfarramt.de\/index.php\/2022\/04\/13\/die-verleugnung-des-petrus-ekd\/"},"modified":"2022-04-13T18:59:21","modified_gmt":"2022-04-13T18:59:21","slug":"die-verleugnung-des-petrus-ekd","status":"publish","type":"post","link":"https:\/\/krankenhauspfarramt.de\/index.php\/2022\/04\/13\/die-verleugnung-des-petrus-ekd\/","title":{"rendered":"Die Verleugnung des Petrus \u2013 EKD"},"content":{"rendered":"<p> <br \/>\n<\/p>\n<div>\n<p>Nur wenige Stunden sp\u00e4ter wurde Jesus gefangen genommen. Petrus folgte ihm und wurde von Leuten erkannt. Sie hielten ihn fest und riefen: \u201eDas hier ist einer von den J\u00fcngern von Jesus.\u201c Petrus bekam Angst und rief: \u201eIch schw\u00f6re euch: Ich kenne Jesus nicht!\u201c Er entkam der Menge und erkannte, dass er sich von Jesus abgewandt hatte und begann zu weinen.<\/p>\n<p>Es gibt Ziele, die wir nicht aus eigener Kraft erreichen k\u00f6nnen. Egal wie sehr wir es wollen. Unser Glauben geh\u00f6rt dazu. Im Glauben sind wir Jesus manchmal ganz nah und manchmal weit weg. Und das ist v\u00f6llig normal. Mit dem Glauben sind wir nie fertig. Als Christ*innen bleiben wir unser Leben lang eine Baustelle. Und das zu wissen, entspannt mich. Wenn wir Jesus nachfolgen, m\u00fcssen wir keine Bestzeiten laufen. Und wer denkt, er w\u00e4re schon am Ziel angekommen, muss feststellen, dass der Glauben ein Rundkurs ist.<\/p>\n<p>Jesus wusste, dass Petrus sein Ziel nicht erreichen wird. Aber er sagte nicht: \u201eIch will dich nie wiedersehen\u201c, sondern er verstand Petrus damals und er versteht auch uns heute und verspricht uns: \u201eIhr werdet mich wiedersehen.\u201c<\/p>\n<\/p><\/div>\n","protected":false},"excerpt":{"rendered":"<p>Nur wenige Stunden sp\u00e4ter wurde Jesus gefangen genommen. Petrus folgte ihm und wurde von Leuten erkannt. Sie hielten ihn fest<\/p>\n","protected":false},"author":1,"featured_media":4427,"comment_status":"closed","ping_status":"closed","sticky":false,"template":"","format":"standard","meta":{"footnotes":""},"categories":[20],"tags":[],"_links":{"self":[{"href":"https:\/\/krankenhauspfarramt.de\/index.php\/wp-json\/wp\/v2\/posts\/4426"}],"collection":[{"href":"https:\/\/krankenhauspfarramt.de\/index.php\/wp-json\/wp\/v2\/posts"}],"about":[{"href":"https:\/\/krankenhauspfarramt.de\/index.php\/wp-json\/wp\/v2\/types\/post"}],"author":[{"embeddable":true,"href":"https:\/\/krankenhauspfarramt.de\/index.php\/wp-json\/wp\/v2\/users\/1"}],"replies":[{"embeddable":true,"href":"https:\/\/krankenhauspfarramt.de\/index.php\/wp-json\/wp\/v2\/comments?post=4426"}],"version-history":[{"count":1,"href":"https:\/\/krankenhauspfarramt.de\/index.php\/wp-json\/wp\/v2\/posts\/4426\/revisions"}],"predecessor-version":[{"id":4428,"href":"https:\/\/krankenhauspfarramt.de\/index.php\/wp-json\/wp\/v2\/posts\/4426\/revisions\/4428"}],"wp:featuredmedia":[{"embeddable":true,"href":"https:\/\/krankenhauspfarramt.de\/index.php\/wp-json\/wp\/v2\/media\/4427"}],"wp:attachment":[{"href":"https:\/\/krankenhauspfarramt.de\/index.php\/wp-json\/wp\/v2\/media?parent=4426"}],"wp:term":[{"taxonomy":"category","embeddable":true,"href":"https:\/\/krankenhauspfarramt.de\/index.php\/wp-json\/wp\/v2\/categories?post=4426"},{"taxonomy":"post_tag","embeddable":true,"href":"https:\/\/krankenhauspfarramt.de\/index.php\/wp-json\/wp\/v2\/tags?post=4426"}],"curies":[{"name":"wp","href":"https:\/\/api.w.org\/{rel}","templated":true}]}}