{"id":4448,"date":"2022-04-19T14:33:58","date_gmt":"2022-04-19T14:33:58","guid":{"rendered":"https:\/\/krankenhauspfarramt.de\/index.php\/2022\/04\/19\/gedenkgottesdienst-fuer-opfer-von-gewalttat-im-oberlinhaus-ekd\/"},"modified":"2022-04-19T14:34:05","modified_gmt":"2022-04-19T14:34:05","slug":"gedenkgottesdienst-fuer-opfer-von-gewalttat-im-oberlinhaus-ekd","status":"publish","type":"post","link":"https:\/\/krankenhauspfarramt.de\/index.php\/2022\/04\/19\/gedenkgottesdienst-fuer-opfer-von-gewalttat-im-oberlinhaus-ekd\/","title":{"rendered":"Gedenkgottesdienst f\u00fcr Opfer von Gewalttat im Oberlinhaus \u2013 EKD"},"content":{"rendered":"<p> <br \/>\n<\/p>\n<div id=\"\">\n<p>Potsdam (epd). Ein Jahr nach den T\u00f6tungsdelikten gedenkt das Potsdamer Oberlinhaus am 28. April gemeinsam mit G\u00e4sten seiner vier get\u00f6teten Bewohnerinnen und Bewohner. Die diakonische Einrichtung plant nach Angaben vom Dienstag einen \u00f6ffentlichen Gottesdienst vor der Oberlinkirche unter freiem Himmel.<\/p>\n<p>Zu dem Gottesdienst werden unter anderen der brandenburgische Ministerpr\u00e4sident Dietmar Woidke und der Potsdamer Oberb\u00fcrgermeister Mike Schubert (beide SPD) erwartet. Die Gewalttaten in einer Potsdamer Wohneinrichtung f\u00fcr behinderte Menschen am 28. April vergangenen Jahres hatten bundesweit Entsetzen ausgel\u00f6st.<\/p>\n<p>Eine Frau \u00fcberlebte den Amoklauf schwer verletzt. Die zwei Frauen und zwei M\u00e4nner, die den Angriff im Thusnelda-von-Saldern-Haus nicht \u00fcberlebten, waren zwischen 31 und 56 Jahren alt. Das Landgericht verurteilte die T\u00e4terin wegen Mordes, versuchten Mordes, gef\u00e4hrlicher K\u00f6rperverletzung und wegen schwerer Misshandlung von Schutzbefohlenen zu 15 Jahren Haft.<\/p>\n<p><em>Der Gedenkgottesdienst findet am 28. April 2022 ab 16.30 Uhr vor der Oberlinkirche in Babelsberg statt. Dabei ist die Pr\u00e4sentation von vier Glasstelen in Regenbogenfarben geplant, die symbolisch f\u00fcr die vier get\u00f6teten Bewohnerinnen und Bewohner des Thusnelda-von-Saldern-Hauses errichtet werden.<\/em><\/p>\n<\/div>\n","protected":false},"excerpt":{"rendered":"<p>Potsdam (epd). Ein Jahr nach den T\u00f6tungsdelikten gedenkt das Potsdamer Oberlinhaus am 28. April gemeinsam mit G\u00e4sten seiner vier get\u00f6teten<\/p>\n","protected":false},"author":1,"featured_media":4449,"comment_status":"closed","ping_status":"closed","sticky":false,"template":"","format":"standard","meta":{"footnotes":""},"categories":[20],"tags":[],"_links":{"self":[{"href":"https:\/\/krankenhauspfarramt.de\/index.php\/wp-json\/wp\/v2\/posts\/4448"}],"collection":[{"href":"https:\/\/krankenhauspfarramt.de\/index.php\/wp-json\/wp\/v2\/posts"}],"about":[{"href":"https:\/\/krankenhauspfarramt.de\/index.php\/wp-json\/wp\/v2\/types\/post"}],"author":[{"embeddable":true,"href":"https:\/\/krankenhauspfarramt.de\/index.php\/wp-json\/wp\/v2\/users\/1"}],"replies":[{"embeddable":true,"href":"https:\/\/krankenhauspfarramt.de\/index.php\/wp-json\/wp\/v2\/comments?post=4448"}],"version-history":[{"count":1,"href":"https:\/\/krankenhauspfarramt.de\/index.php\/wp-json\/wp\/v2\/posts\/4448\/revisions"}],"predecessor-version":[{"id":4450,"href":"https:\/\/krankenhauspfarramt.de\/index.php\/wp-json\/wp\/v2\/posts\/4448\/revisions\/4450"}],"wp:featuredmedia":[{"embeddable":true,"href":"https:\/\/krankenhauspfarramt.de\/index.php\/wp-json\/wp\/v2\/media\/4449"}],"wp:attachment":[{"href":"https:\/\/krankenhauspfarramt.de\/index.php\/wp-json\/wp\/v2\/media?parent=4448"}],"wp:term":[{"taxonomy":"category","embeddable":true,"href":"https:\/\/krankenhauspfarramt.de\/index.php\/wp-json\/wp\/v2\/categories?post=4448"},{"taxonomy":"post_tag","embeddable":true,"href":"https:\/\/krankenhauspfarramt.de\/index.php\/wp-json\/wp\/v2\/tags?post=4448"}],"curies":[{"name":"wp","href":"https:\/\/api.w.org\/{rel}","templated":true}]}}