{"id":4451,"date":"2022-04-25T07:40:28","date_gmt":"2022-04-25T07:40:28","guid":{"rendered":"https:\/\/krankenhauspfarramt.de\/index.php\/2022\/04\/25\/neue-wege-der-betroffenenpartizipation-in-der-ekd-ekd\/"},"modified":"2022-04-25T07:40:35","modified_gmt":"2022-04-25T07:40:35","slug":"neue-wege-der-betroffenenpartizipation-in-der-ekd-ekd","status":"publish","type":"post","link":"https:\/\/krankenhauspfarramt.de\/index.php\/2022\/04\/25\/neue-wege-der-betroffenenpartizipation-in-der-ekd-ekd\/","title":{"rendered":"Neue Wege der Betroffenenpartizipation in der EKD \u2013 EKD"},"content":{"rendered":"<p> <br \/>\n<\/p>\n<div id=\"\">\n<div class=\"article--meta article--meta__border clearfix\">\n<p>                                    <time datetime=\"25.04.2022 07:00\" class=\"article--time\">25.04.2022<\/time><strong class=\"article--type primus--overline\">Pressemitteilung<\/strong><\/p>\n<picture class=\"article--source-image image\"><source srcset=\"https:\/\/www.ekd.de\/ekd_de\/ds_img\/assets\/20170622_ekd-Quellenlogo_141_rdax_423x118.png\"><!--<source srcset=\"\/ekd_de\/ds_img\/assets\/20170622_ekd-Quellenlogo_141_rdax_141x39.png 1x, \/ekd_de\/ds_img\/assets\/20170622_ekd-Quellenlogo_141_rdax_282x78.png 2x, https:\/\/www.ekd.de\/ekd_de\/ds_img\/assets\/20170622_ekd-Quellenlogo_141_rdax_423x118.png 3x\">--><\/source><\/picture>\n<\/p><\/div>\n<h2 class=\"article--sub-headline primus--sub-headline\">Betroffene und EKD verst\u00e4ndigen sich auf ein Beteiligungsforum als zentralen Ort f\u00fcr alle Fragen zum Schutz und zur Aufarbeitung von sexualisierter Gewalt<\/h2>\n<\/p><\/div>\n<div id=\"\">\n<p class=\"EKDFlietext\">Urspr\u00fcngliche Mitglieder des Betroffenenbeirats und Vertreter:innen der Evangelischen Kirche in Deutschland (EKD) haben sich am 23. April zu einem Klausurtag zur Neuausrichtung der Betroffenenpartizipation in Kassel getroffen. Sie haben den Strukturvorschlag der unabh\u00e4ngigen Expertin, Dr. Birgit Mangels-Voegt, f\u00fcr ein Beteiligungsforum Sexualisierte Gewalt diskutiert und sich darauf \u00fcbereinstimmend verst\u00e4ndigt. Grundlegend daf\u00fcr ist eine starke Partizipation Betroffener und eine aktive Rolle in der Gestaltung von Aufarbeitung, Pr\u00e4vention, Intervention, Unterst\u00fctzung und Anerkennung in der evangelischen Kirche und Diakonie. Betroffene und kirchliche Vertreter*innen unter Beteiligung der Diakonie beraten und streben im Beteiligungsforum gemeinsame L\u00f6sungen an. Das neue Beteiligungsforum wird zum zentralen Gremium innerhalb der EKD, in dem alle Fragen, die sexualisierte Gewalt betreffen, bearbeitet werden. \u201eDas Gespr\u00e4ch war intensiv und sehr grunds\u00e4tzlich. Ein gutes Grundger\u00fcst wurde gefunden. Wir m\u00fcssen es nat\u00fcrlich noch weiter ausdifferenzieren. Ein ganz entscheidender Schritt zur angemessenen Beteiligung Betroffener ist gemacht\u201c, berichtet Nancy Janz, urspr\u00fcngliches Mitglied des Betroffenenbeirats.<\/p>\n<p class=\"EKDFlietext\">Das Strukturmodell basiert auf Ideen und Vorschl\u00e4gen f\u00fcr eine neue Form der Beteiligung, die im Laufe der vergangenen sieben Monate von urspr\u00fcnglichen Mitgliedern des Betroffenenbeirates sowie Kirchenvertreter*innen eingeholt und im Verlauf verschiedener Gespr\u00e4che weiterentwickelt wurden. Noch offene Fragen und Herausforderungen wurden identifiziert und werden im Rahmen der kommenden Gespr\u00e4che gemeinsam beantwortet. Dr. Birgit Mangels-Voegt, Expertin f\u00fcr Beteiligungsverfahren, erl\u00e4utert: \u201eZiel des neuen Beteiligungsforums ist die verbindliche Mitwirkung von Betroffenen an Entscheidungen und Ma\u00dfnahmen zum Schutz vor und zur Aufarbeitung von sexualisierter Gewalt. Eine strukturierte Kommunikation zwischen Betroffenen und Kirchenvertreter*innen ist unerl\u00e4sslich. Der Prozess wird durch externe Moderation, Supervision und Prozessbegleitung unterst\u00fctzt.\u201c<\/p>\n<p class=\"EKDFlietext\">Nach dem Scheitern des bisherigen Modells der Partizipation Betroffener und im Zuge der Neuausrichtung wurde die alte Struktur des Betroffenenbeirates durch den Rat der EKD aufgel\u00f6st. Das neue Beteiligungsforum setzt sich aus Mitgliedern des ehemaligen Betroffenenbeirates, die in dieser neuen Form der Zusammenarbeit mitgestalten wollen, und Kirchenvertreter*innen zusammen. Neben dem bisherigen Beauftragtenrat, der ebenfalls neu strukturiert wird, sind Kolleg*innen der Fachebene aus den Landeskirchen sowie die Pr\u00e4ses der Synode, die Diakonie Deutschland, der Bevollm\u00e4chtigte des Rates und die Fachstelle Sexualisierte Gewalt der EKD eingebunden.<\/p>\n<p class=\"EKDFlietext\">\u201eAuf die kommende Zeit blicke ich mit viel Optimismus. Ich habe Vertrauen in das neue Modell, das in vielen Gespr\u00e4chen mit Betroffenen und den Vertreter*innen der Kirche entwickelt wurde\u201c, so der Sprecher des Beauftragtenrates, Landesbischof Christoph Meyns (Braunschweig). \u201eMit dieser neuen, deutlich anderen und weitergehenden Form der Beteiligung werden wir das gemeinsame Anliegen, sexualisierte Gewalt in der evangelischen Kirche und Diakonie bestm\u00f6glich aufzuarbeiten und zu verhindern, konsequent umsetzen.\u201c Detlev Zander aus dem ehemaligen Betroffenenbeirat: \u201eDas neue Beteiligungsforum bietet die Chance, den notwendigen Weg der EKD in der Aufarbeitung sexualisierter Gewalt bei jedem Schritt kritisch zu begleiten und die Perspektive Betroffener direkt einzubringen. Ich sehe darin einen Meilenstein in den Aufarbeitungsprozessen sexualisierter Gewalt in Deutschland.\u201c<\/p>\n<p class=\"EKDFlietext\">Kassel, den 24. April 2022<\/p>\n<p class=\"EKDFlietext\">Teilnehmende des Klausurtags zur Neuausrichtung der Betroffenenpartizipation in der EKD\u00a0\u00fcber Pressestelle der EKD<\/p>\n<p class=\"EKDAdressdaten\">\u00a0<\/p>\n<p class=\"EKDAdressdaten\"><em>Hintergrund:\u00a0 <\/em><\/p>\n<p class=\"EKDAdressdaten\"><em>Der Betroffenenbeirat war im August 2020 von der EKD berufen worden, um Perspektiven und Haltungen Betroffener sexualisierter Gewalt in die laufenden Entscheidungsprozesse einzubinden. Im Mai vergangenen Jahres wurde das Gremium vorerst ausgesetzt. Dem vorausgegangen waren interne Konflikte sowie konzeptionelle Fehler in der Struktur des Beteiligungsmodells.<\/em><\/p>\n<p class=\"EKDAdressdaten\">Betroffene von sexualisierter Gewalt im Raum der evangelischen Kirche und der Diakonie k\u00f6nnen sich an die \u201eZentraleAnlaufstelle.help\u201c sowie an die landeskirchlichen Ansprechpersonen f\u00fcr Betroffene sexualisierter Gewalt wenden.<\/p>\n<p class=\"EKDAdressdaten\"><strong>Ansprechpersonen f\u00fcr Betroffene sexualisierter Gewalt<\/strong><\/p>\n<p class=\"EKDAdressdaten\">www.Anlaufstelle.help<br \/>www.ekd.de\/Ansprechpartner-fuer-Missbrauchsopfer-23994.htm<\/p>\n<p class=\"EKDAdressdaten\"><strong>Hilfe-Telefon Sexueller Missbrauch<\/strong><\/p>\n<p class=\"EKDAdressdaten\">https:\/\/www.hilfe-portal-missbrauch.de\/hilfe-telefon<\/p>\n<p class=\"EKDAdressdaten\"><strong>Weitere Informationen zu den Ma\u00dfnahmen gegen sexualisierte Gewalt unter<\/strong><\/p>\n<p class=\"EKDAdressdaten\">www.hinschauen-helfen-handeln.de<\/p>\n<p class=\"EKDAdressdaten\">www.ekd.de\/missbrauch<\/p>\n<p class=\"EKDAdressdaten\">Hannover, 25. April 2022<\/p>\n<p class=\"EKDAdressdaten\">Pressestelle der EKD<br \/>Carsten Splitt<\/p>\n<\/div>\n","protected":false},"excerpt":{"rendered":"<p>25.04.2022Pressemitteilung Betroffene und EKD verst\u00e4ndigen sich auf ein Beteiligungsforum als zentralen Ort f\u00fcr alle Fragen zum Schutz und zur Aufarbeitung<\/p>\n","protected":false},"author":1,"featured_media":569,"comment_status":"closed","ping_status":"closed","sticky":false,"template":"","format":"standard","meta":{"footnotes":""},"categories":[20],"tags":[],"_links":{"self":[{"href":"https:\/\/krankenhauspfarramt.de\/index.php\/wp-json\/wp\/v2\/posts\/4451"}],"collection":[{"href":"https:\/\/krankenhauspfarramt.de\/index.php\/wp-json\/wp\/v2\/posts"}],"about":[{"href":"https:\/\/krankenhauspfarramt.de\/index.php\/wp-json\/wp\/v2\/types\/post"}],"author":[{"embeddable":true,"href":"https:\/\/krankenhauspfarramt.de\/index.php\/wp-json\/wp\/v2\/users\/1"}],"replies":[{"embeddable":true,"href":"https:\/\/krankenhauspfarramt.de\/index.php\/wp-json\/wp\/v2\/comments?post=4451"}],"version-history":[{"count":1,"href":"https:\/\/krankenhauspfarramt.de\/index.php\/wp-json\/wp\/v2\/posts\/4451\/revisions"}],"predecessor-version":[{"id":4452,"href":"https:\/\/krankenhauspfarramt.de\/index.php\/wp-json\/wp\/v2\/posts\/4451\/revisions\/4452"}],"wp:featuredmedia":[{"embeddable":true,"href":"https:\/\/krankenhauspfarramt.de\/index.php\/wp-json\/wp\/v2\/media\/569"}],"wp:attachment":[{"href":"https:\/\/krankenhauspfarramt.de\/index.php\/wp-json\/wp\/v2\/media?parent=4451"}],"wp:term":[{"taxonomy":"category","embeddable":true,"href":"https:\/\/krankenhauspfarramt.de\/index.php\/wp-json\/wp\/v2\/categories?post=4451"},{"taxonomy":"post_tag","embeddable":true,"href":"https:\/\/krankenhauspfarramt.de\/index.php\/wp-json\/wp\/v2\/tags?post=4451"}],"curies":[{"name":"wp","href":"https:\/\/api.w.org\/{rel}","templated":true}]}}