{"id":4453,"date":"2022-04-25T09:45:20","date_gmt":"2022-04-25T09:45:20","guid":{"rendered":"https:\/\/krankenhauspfarramt.de\/index.php\/2022\/04\/25\/ekd-legt-neues-modell-zur-betroffenenbeteiligung-fest-ekd\/"},"modified":"2022-04-25T09:45:27","modified_gmt":"2022-04-25T09:45:27","slug":"ekd-legt-neues-modell-zur-betroffenenbeteiligung-fest-ekd","status":"publish","type":"post","link":"https:\/\/krankenhauspfarramt.de\/index.php\/2022\/04\/25\/ekd-legt-neues-modell-zur-betroffenenbeteiligung-fest-ekd\/","title":{"rendered":"EKD legt neues Modell zur Betroffenenbeteiligung fest \u2013 EKD"},"content":{"rendered":"<p> <br \/>\n<\/p>\n<div>\n<p>Im vergangenen Jahr hatte die EKD den urspr\u00fcnglichen Betroffenenbeirat ausgesetzt. Als Grund wurden Konflikte in dem Gremium angef\u00fchrt. Betroffene wiederum kritisierten eine mangelnde Einbindung in Entscheidungen. Ziel des neuen Beteiligungsforums sei die verbindliche Mitwirkung von Betroffenen an Entscheidungen und Ma\u00dfnahmen zum Schutz vor und zur Aufarbeitung von sexualisierter Gewalt, erl\u00e4uterte die Expertin Birgit Mangels-Voegt, von der nach Angaben der EKD der Vorschlag f\u00fcr das neue Modell der Beteiligung von Missbrauchsopfern stammt.<\/p>\n<p>Dem Beteiligungsforum werden den Angaben zufolge Mitglieder des aufgel\u00f6sten Betroffenenbeirats sowie Kirchenvertreterinnen und Vertreter angeh\u00f6ren. Dazu geh\u00f6ren die Mitglieder des Beauftragtenrats, ein Gremium aus Geistlichen und Kirchenjuristen, das urspr\u00fcnglich ein Gegen\u00fcber zum Betroffenenbeirat war. Dieses Gremium soll den Angaben zufolge neu strukturiert werden. Zum neuen Forum geh\u00f6ren zudem auch die Pr\u00e4ses der EKD-Synode, Anna-Nicole Heinrich, der EKD-Bevollm\u00e4chtigte Martin Dutzmann sowie Vertreter der Diakonie, der Landeskirchen und der zust\u00e4ndigen Fachstelle der EKD.<\/p>\n<p>Das neue Modell wird auch von Betroffenen begr\u00fc\u00dft. Es sei ein \u201eentscheidender Schritt zur angemessenen Beteiligung Betroffener\u201c gemacht worden, sagte Nancy Janz, die dem ersten Betroffenenbeirat angeh\u00f6rte. Detlef Zander, der dort ebenfalls Mitglied war, erkl\u00e4rte, das neue Forum biete die Chance, den notwendigen Weg der EKD in der Aufarbeitung sexualisierter Gewalt kritisch zu begleiten. Er sehe in dem Modell einen \u201eMeilenstein in den Aufarbeitungsprozessen sexualisierter Gewalt in Deutschland\u201c.<\/p>\n<\/p><\/div>\n","protected":false},"excerpt":{"rendered":"<p>Im vergangenen Jahr hatte die EKD den urspr\u00fcnglichen Betroffenenbeirat ausgesetzt. Als Grund wurden Konflikte in dem Gremium angef\u00fchrt. Betroffene wiederum<\/p>\n","protected":false},"author":1,"featured_media":4454,"comment_status":"closed","ping_status":"closed","sticky":false,"template":"","format":"standard","meta":{"footnotes":""},"categories":[20],"tags":[],"_links":{"self":[{"href":"https:\/\/krankenhauspfarramt.de\/index.php\/wp-json\/wp\/v2\/posts\/4453"}],"collection":[{"href":"https:\/\/krankenhauspfarramt.de\/index.php\/wp-json\/wp\/v2\/posts"}],"about":[{"href":"https:\/\/krankenhauspfarramt.de\/index.php\/wp-json\/wp\/v2\/types\/post"}],"author":[{"embeddable":true,"href":"https:\/\/krankenhauspfarramt.de\/index.php\/wp-json\/wp\/v2\/users\/1"}],"replies":[{"embeddable":true,"href":"https:\/\/krankenhauspfarramt.de\/index.php\/wp-json\/wp\/v2\/comments?post=4453"}],"version-history":[{"count":1,"href":"https:\/\/krankenhauspfarramt.de\/index.php\/wp-json\/wp\/v2\/posts\/4453\/revisions"}],"predecessor-version":[{"id":4455,"href":"https:\/\/krankenhauspfarramt.de\/index.php\/wp-json\/wp\/v2\/posts\/4453\/revisions\/4455"}],"wp:featuredmedia":[{"embeddable":true,"href":"https:\/\/krankenhauspfarramt.de\/index.php\/wp-json\/wp\/v2\/media\/4454"}],"wp:attachment":[{"href":"https:\/\/krankenhauspfarramt.de\/index.php\/wp-json\/wp\/v2\/media?parent=4453"}],"wp:term":[{"taxonomy":"category","embeddable":true,"href":"https:\/\/krankenhauspfarramt.de\/index.php\/wp-json\/wp\/v2\/categories?post=4453"},{"taxonomy":"post_tag","embeddable":true,"href":"https:\/\/krankenhauspfarramt.de\/index.php\/wp-json\/wp\/v2\/tags?post=4453"}],"curies":[{"name":"wp","href":"https:\/\/api.w.org\/{rel}","templated":true}]}}