{"id":4462,"date":"2022-04-29T16:22:01","date_gmt":"2022-04-29T16:22:01","guid":{"rendered":"https:\/\/krankenhauspfarramt.de\/index.php\/2022\/04\/29\/woche-fuer-das-leben-zum-thema-demenz-ekd\/"},"modified":"2022-04-29T16:22:08","modified_gmt":"2022-04-29T16:22:08","slug":"woche-fuer-das-leben-zum-thema-demenz-ekd","status":"publish","type":"post","link":"https:\/\/krankenhauspfarramt.de\/index.php\/2022\/04\/29\/woche-fuer-das-leben-zum-thema-demenz-ekd\/","title":{"rendered":"&#8222;Woche f\u00fcr das Leben&#8220; zum Thema Demenz \u2013 EKD"},"content":{"rendered":"<p> <br \/>\n<\/p>\n<div>\n<p style=\"margin-left:0cm; margin-right:0cm\">Er\u00f6ffnet wird die \u201eWoche f\u00fcr das Leben\u201c in Leipzig von der Ratsvorsitzenden der Evangelischen Kirche in Deutschland (EKD), Annette Kurschus, und dem stellvertretenden Vorsitzenden der Deutschen Bischofskonferenz, Bischof Franz-Josef Bode. Am Gottesdienst in der Nikolaikirche nehmen Sachsens evangelischer Landesbischof Tobias Bilz und der Bischof des Bistums Dresden-Mei\u00dfen, Heinrich Timmerevers, teil. Die Er\u00f6ffnungsveranstaltung wird live im MDR-Fernsehen \u00fcbertragen.<\/p>\n<p style=\"margin-left:0cm; margin-right:0cm\">Immer mehr Menschen in Deutschland sind von Demenz betroffen. Sie litten nicht selten unter Isolation und dem Gef\u00fchl, nicht mehr willkommen zu sein, hie\u00df es. Die Kirchen wollten daf\u00fcr Sorge tragen, dass Menschen mit Demenz und ihre Angeh\u00f6rigen passende Angebote finden &#8211; in der Seelsorge, durch demenzsensible Gottesdienste und Veranstaltungen sowie durch eine umfassende Aufkl\u00e4rung.<\/p>\n<\/p><\/div>\n","protected":false},"excerpt":{"rendered":"<p>Er\u00f6ffnet wird die \u201eWoche f\u00fcr das Leben\u201c in Leipzig von der Ratsvorsitzenden der Evangelischen Kirche in Deutschland (EKD), Annette Kurschus,<\/p>\n","protected":false},"author":1,"featured_media":4463,"comment_status":"closed","ping_status":"closed","sticky":false,"template":"","format":"standard","meta":{"footnotes":""},"categories":[20],"tags":[],"_links":{"self":[{"href":"https:\/\/krankenhauspfarramt.de\/index.php\/wp-json\/wp\/v2\/posts\/4462"}],"collection":[{"href":"https:\/\/krankenhauspfarramt.de\/index.php\/wp-json\/wp\/v2\/posts"}],"about":[{"href":"https:\/\/krankenhauspfarramt.de\/index.php\/wp-json\/wp\/v2\/types\/post"}],"author":[{"embeddable":true,"href":"https:\/\/krankenhauspfarramt.de\/index.php\/wp-json\/wp\/v2\/users\/1"}],"replies":[{"embeddable":true,"href":"https:\/\/krankenhauspfarramt.de\/index.php\/wp-json\/wp\/v2\/comments?post=4462"}],"version-history":[{"count":1,"href":"https:\/\/krankenhauspfarramt.de\/index.php\/wp-json\/wp\/v2\/posts\/4462\/revisions"}],"predecessor-version":[{"id":4464,"href":"https:\/\/krankenhauspfarramt.de\/index.php\/wp-json\/wp\/v2\/posts\/4462\/revisions\/4464"}],"wp:featuredmedia":[{"embeddable":true,"href":"https:\/\/krankenhauspfarramt.de\/index.php\/wp-json\/wp\/v2\/media\/4463"}],"wp:attachment":[{"href":"https:\/\/krankenhauspfarramt.de\/index.php\/wp-json\/wp\/v2\/media?parent=4462"}],"wp:term":[{"taxonomy":"category","embeddable":true,"href":"https:\/\/krankenhauspfarramt.de\/index.php\/wp-json\/wp\/v2\/categories?post=4462"},{"taxonomy":"post_tag","embeddable":true,"href":"https:\/\/krankenhauspfarramt.de\/index.php\/wp-json\/wp\/v2\/tags?post=4462"}],"curies":[{"name":"wp","href":"https:\/\/api.w.org\/{rel}","templated":true}]}}