{"id":4469,"date":"2022-05-03T04:23:41","date_gmt":"2022-05-03T04:23:41","guid":{"rendered":"https:\/\/krankenhauspfarramt.de\/index.php\/2022\/05\/03\/matthias-ristau-als-generalsekretaer-der-deutschen-seemannsmission-eingefuehrt-ekd\/"},"modified":"2022-05-03T04:23:41","modified_gmt":"2022-05-03T04:23:41","slug":"matthias-ristau-als-generalsekretaer-der-deutschen-seemannsmission-eingefuehrt-ekd","status":"publish","type":"post","link":"https:\/\/krankenhauspfarramt.de\/index.php\/2022\/05\/03\/matthias-ristau-als-generalsekretaer-der-deutschen-seemannsmission-eingefuehrt-ekd\/","title":{"rendered":"Matthias Ristau als Generalsekret\u00e4r der Deutschen Seemannsmission eingef\u00fchrt \u2013 EKD"},"content":{"rendered":"<p> <br \/>\n<\/p>\n<div>\n<p>Ristau hat sein Amt bereits zum 1. M\u00e4rz angetreten. Zuvor war er acht Jahre als Seemannspastor f\u00fcr die seelsorgerliche Begleitung von Seeleuten in Hamburg, Schleswig-Holstein und Mecklenburg-Vorpommern zust\u00e4ndig. Der geb\u00fcrtige Hamburger studierte Theologie in Hamburg und Berlin und verbrachte mehrere Jahre in Brasilien. Danach war er Pastor an der Sozialkirche St. Matth\u00e4us in Kiel-Gaarden.<\/p>\n<p>Zur Deutschen Seemannsmission geh\u00f6ren rund 30 Stationen im In- und Ausland. Die Arbeit wird aus Kirchensteuern, \u00f6ffentlichen Mitteln, Spenden und freiwilligen Schiffsabgaben der Reeder finanziert. Vor zwei Jahren war die Zentrale von Bremen in das \u00d6kumenische Forum in der Hamburger Hafencity gezogen.<\/p>\n<\/p><\/div>\n","protected":false},"excerpt":{"rendered":"<p>Ristau hat sein Amt bereits zum 1. M\u00e4rz angetreten. Zuvor war er acht Jahre als Seemannspastor f\u00fcr die seelsorgerliche Begleitung<\/p>\n","protected":false},"author":1,"featured_media":0,"comment_status":"closed","ping_status":"closed","sticky":false,"template":"","format":"standard","meta":{"footnotes":""},"categories":[20],"tags":[],"_links":{"self":[{"href":"https:\/\/krankenhauspfarramt.de\/index.php\/wp-json\/wp\/v2\/posts\/4469"}],"collection":[{"href":"https:\/\/krankenhauspfarramt.de\/index.php\/wp-json\/wp\/v2\/posts"}],"about":[{"href":"https:\/\/krankenhauspfarramt.de\/index.php\/wp-json\/wp\/v2\/types\/post"}],"author":[{"embeddable":true,"href":"https:\/\/krankenhauspfarramt.de\/index.php\/wp-json\/wp\/v2\/users\/1"}],"replies":[{"embeddable":true,"href":"https:\/\/krankenhauspfarramt.de\/index.php\/wp-json\/wp\/v2\/comments?post=4469"}],"version-history":[{"count":0,"href":"https:\/\/krankenhauspfarramt.de\/index.php\/wp-json\/wp\/v2\/posts\/4469\/revisions"}],"wp:attachment":[{"href":"https:\/\/krankenhauspfarramt.de\/index.php\/wp-json\/wp\/v2\/media?parent=4469"}],"wp:term":[{"taxonomy":"category","embeddable":true,"href":"https:\/\/krankenhauspfarramt.de\/index.php\/wp-json\/wp\/v2\/categories?post=4469"},{"taxonomy":"post_tag","embeddable":true,"href":"https:\/\/krankenhauspfarramt.de\/index.php\/wp-json\/wp\/v2\/tags?post=4469"}],"curies":[{"name":"wp","href":"https:\/\/api.w.org\/{rel}","templated":true}]}}