{"id":4470,"date":"2022-05-03T12:43:34","date_gmt":"2022-05-03T12:43:34","guid":{"rendered":"https:\/\/krankenhauspfarramt.de\/index.php\/2022\/05\/03\/kirchen-stellen-demenz-in-mittelpunkt-der-woche-fuer-das-leben-ekd\/"},"modified":"2022-05-03T12:43:41","modified_gmt":"2022-05-03T12:43:41","slug":"kirchen-stellen-demenz-in-mittelpunkt-der-woche-fuer-das-leben-ekd","status":"publish","type":"post","link":"https:\/\/krankenhauspfarramt.de\/index.php\/2022\/05\/03\/kirchen-stellen-demenz-in-mittelpunkt-der-woche-fuer-das-leben-ekd\/","title":{"rendered":"Kirchen stellen Demenz in Mittelpunkt der \u201eWoche f\u00fcr das Leben\u201c \u2013 EKD"},"content":{"rendered":"<p> <br \/>\n<\/p>\n<div>\n<p>\u201eMenschen mit Demenz haben einen Platz in unserer Mitte\u201c, sagte Bode. Sie sollten mit ihren Angeh\u00f6rigen am gesellschaftlichen Leben teilhaben d\u00fcrfen. Die W\u00fcrde des Menschen h\u00e4nge nicht von seiner Gesundheit oder seiner F\u00e4higkeit zur Selbstbestimmung ab, sagte der katholische Bischof von Osnabr\u00fcck, sondern sie sei \u201eunverlierbar\u201c.<\/p>\n<p>\u201eSelbst, wenn ich nicht mehr denken und mich nicht mehr erinnern kann, bleibe ich von Gottes H\u00e4nden gehalten\u201c, sagte die EKD-Ratsvorsitzende Kurschus. \u201eSelbst, wenn ich einmal nichts mehr \u00fcber mein Leben wissen sollte, werden meine Jahre bei Gott gut aufgehoben sein\u201c, betonte die leitende Geistliche, die auch Pr\u00e4ses der Evangelischen Kirche von Westfalen ist.<\/p>\n<p>Sachsens evangelischer Landesbischof Tobias Bilz verwies in seinem Gru\u00dfwort auf \u201eW\u00fcrde und Wert aller Kreatur, die Gott ins Leben gerufen hat\u201c. Wer die Krankheit besser zu verstehen lerne, k\u00f6nne den betroffenen Menschen auch angemessen helfen, sagte Bilz, der Mitglied im Rat der EKD ist.<\/p>\n<p>Bei einer Podiumsdiskussion zum Auftakt der \u201eWoche f\u00fcr das Leben\u201c sprach sich Franz M\u00fcntefering als ehemaliger Vorsitzender der Bundesarbeitsgemeinschaft der Seniorenorganisation f\u00fcr eine St\u00e4rkung der Arbeit mit an Demenz erkrankten Menschen aus: \u201eLokale Allianzen f\u00fcr Menschen mit Demenz sollten eine verbindliche Aufgabe f\u00fcr jede Kommune sein.\u201c Die praktische Durchf\u00fchrung k\u00f6nne bei Vereinen und Organisationen liegen: \u201eMenschen mit Demenz sind keine F\u00e4lle. Sie sind Unikate, wie Menschen ohne Demenz auch\u201c, sagte der langj\u00e4hrige SPD-Politiker und Bundesminister.<\/p>\n<p>Der Psychologe und Gerontologe Andreas Kruse betonte, Menschen mit Demenz seien in besonderem Ma\u00dfe auf Anregung, F\u00f6rderung, Stimulation und \u00dcbung angewiesen: \u201eDamit Funktionen und Fertigkeiten l\u00e4nger erhalten bleiben\u201c, sagte das ehemalige Mitglied des Deutschen Ethikrats.<\/p>\n<p>\u00a0<\/p>\n<p><strong>EKD-Pressemitteilung<\/strong><\/p>\n<\/p><\/div>\n","protected":false},"excerpt":{"rendered":"<p>\u201eMenschen mit Demenz haben einen Platz in unserer Mitte\u201c, sagte Bode. Sie sollten mit ihren Angeh\u00f6rigen am gesellschaftlichen Leben teilhaben<\/p>\n","protected":false},"author":1,"featured_media":4471,"comment_status":"closed","ping_status":"closed","sticky":false,"template":"","format":"standard","meta":{"footnotes":""},"categories":[20],"tags":[],"_links":{"self":[{"href":"https:\/\/krankenhauspfarramt.de\/index.php\/wp-json\/wp\/v2\/posts\/4470"}],"collection":[{"href":"https:\/\/krankenhauspfarramt.de\/index.php\/wp-json\/wp\/v2\/posts"}],"about":[{"href":"https:\/\/krankenhauspfarramt.de\/index.php\/wp-json\/wp\/v2\/types\/post"}],"author":[{"embeddable":true,"href":"https:\/\/krankenhauspfarramt.de\/index.php\/wp-json\/wp\/v2\/users\/1"}],"replies":[{"embeddable":true,"href":"https:\/\/krankenhauspfarramt.de\/index.php\/wp-json\/wp\/v2\/comments?post=4470"}],"version-history":[{"count":1,"href":"https:\/\/krankenhauspfarramt.de\/index.php\/wp-json\/wp\/v2\/posts\/4470\/revisions"}],"predecessor-version":[{"id":4472,"href":"https:\/\/krankenhauspfarramt.de\/index.php\/wp-json\/wp\/v2\/posts\/4470\/revisions\/4472"}],"wp:featuredmedia":[{"embeddable":true,"href":"https:\/\/krankenhauspfarramt.de\/index.php\/wp-json\/wp\/v2\/media\/4471"}],"wp:attachment":[{"href":"https:\/\/krankenhauspfarramt.de\/index.php\/wp-json\/wp\/v2\/media?parent=4470"}],"wp:term":[{"taxonomy":"category","embeddable":true,"href":"https:\/\/krankenhauspfarramt.de\/index.php\/wp-json\/wp\/v2\/categories?post=4470"},{"taxonomy":"post_tag","embeddable":true,"href":"https:\/\/krankenhauspfarramt.de\/index.php\/wp-json\/wp\/v2\/tags?post=4470"}],"curies":[{"name":"wp","href":"https:\/\/api.w.org\/{rel}","templated":true}]}}