{"id":4484,"date":"2022-05-11T11:51:03","date_gmt":"2022-05-11T11:51:03","guid":{"rendered":"https:\/\/krankenhauspfarramt.de\/index.php\/2022\/05\/11\/er-ist-ein-meister-des-dialogs-ekd\/"},"modified":"2022-05-11T11:51:11","modified_gmt":"2022-05-11T11:51:11","slug":"er-ist-ein-meister-des-dialogs-ekd","status":"publish","type":"post","link":"https:\/\/krankenhauspfarramt.de\/index.php\/2022\/05\/11\/er-ist-ein-meister-des-dialogs-ekd\/","title":{"rendered":"\u201eEr ist ein Meister des Dialogs\u201c \u2013 EKD"},"content":{"rendered":"<p> <br \/>\n<\/p>\n<div id=\"\">\n<div class=\"article--meta article--meta__border clearfix\">\n<p>                                    <time datetime=\"11.05.2022 10:00\" class=\"article--time\">11.05.2022<\/time><strong class=\"article--type primus--overline\">Pressemitteilung<\/strong><\/p>\n<picture class=\"article--source-image image\"><source srcset=\"https:\/\/www.ekd.de\/ekd_de\/ds_img\/assets\/20170622_ekd-Quellenlogo_141_rdax_423x118.png\"><!--<source srcset=\"\/ekd_de\/ds_img\/assets\/20170622_ekd-Quellenlogo_141_rdax_141x39.png 1x, \/ekd_de\/ds_img\/assets\/20170622_ekd-Quellenlogo_141_rdax_282x78.png 2x, https:\/\/www.ekd.de\/ekd_de\/ds_img\/assets\/20170622_ekd-Quellenlogo_141_rdax_423x118.png 3x\">--><\/source><\/picture>\n<\/p><\/div>\n<h2 class=\"article--sub-headline primus--sub-headline\">Fr\u00fcherer EKD-Ratsvorsitzender Engelhardt feiert seinen 90. Geburtstag<\/h2>\n<\/p><\/div>\n<div id=\"\">\n<p class=\"EKDFlietext\"><span style=\"line-height:normal\">Klaus Engelhardt, fr\u00fcherer Ratsvorsitzender der Evangelischen Kirche in Deutschland (EKD) und badischer Altbischof, wird am morgigen Mittwoch (11. Mai) 90 Jahre alt. Ab 1985 war Engelhardt Mitglied im Rat der EKD, den er von 1991 bis 1997 als Vorsitzender leitete. \u201eAls erster Ratsvorsitzender nach der Wiedervereinigung hat Klaus Engelhardt das Zusammenwachsen der evangelischen Landeskirchen aus beiden Teilen Deutschlands innerhalb der EKD auf einf\u00fchlsame Weise begleitet und gest\u00fctzt. Es ist ihm gelungen, das gemeinsame evangelische Profil zu st\u00e4rken und gleichzeitig unterschiedliche Erfahrungen zu integrieren\u201c, w\u00fcrdigte die Ratsvorsitzende der EKD, Pr\u00e4ses Annette Kurschus, das Wirken Engelhardts.<\/span><\/p>\n<p class=\"EKDFlietext\"><span style=\"line-height:normal\">Dabei sei es oft um sehr grunds\u00e4tzliche Fragen wie die ev. Seelsorge in der Bundeswehr oder die Zukunft des konfessionellen Religionsunterrichts gegangen. Zugleich habe er sich f\u00fcr eine verst\u00e4rkte Kooperation der Landeskirchen im sogenannten \u201eVerbindungmodell\u201c mit der Union Evangelischer Kirchen (UEK) und der Vereinigten Lutherischen Kirche in Deutschland (VELKD) eingesetzt, so Kurschus weiter. Die Ratsvorsitzende betonte: \u201eEngelhardt ist fest in der biblischen Tradition verwurzelt. Das hat seinem geistlichen und theologischen Wirken eine Ausstrahlung auch \u00fcber die Grenzen der Kirche hinaus verliehen.\u201c Themen wie die Friedensfrage und Nachr\u00fcstung in den 1980er Jahren wie auch das Kirchenasyl h\u00e4tten ihn w\u00e4hrend seiner Amtszeit aktuell herausgefordert: \u201eEr ist ein Meister des Dialogs sowohl in der konfessionellen \u00d6kumene wie auch in interreligi\u00f6sen Begegnungen mit Menschen muslimischen Glaubens. Klaus Engelhardt steht f\u00fcr einen liberalen und weltoffenen Glauben, den er theologisch leidenschaftlich und zugleich feinsinnig und gespr\u00e4chsf\u00e4hig vertritt. Er hat beeindruckende Ma\u00dfst\u00e4be f\u00fcr ein segensreiches und \u00fcberzeugendes Wirken im leitenden geistlichen Amt gesetzt.\u201c<\/span><\/p>\n<p class=\"EKDFlietext\"><span style=\"line-height:normal\">Anl\u00e4sslich eines Festaktes zu Ehren des Jubilars in der Evangelischen Landeskirche in Baden \u00fcberbrachte der Pr\u00e4sident des EKD-Kirchenamtes, Hans Ulrich Anke, Gl\u00fcckw\u00fcnsche: Klaus Engelhardt sei es ganz offensichtlich mit seiner klugen, zugewandten Pers\u00f6nlichkeit und vermittelnden Arbeitsweise immer wieder gelungen, selbst klar positioniert zu sein und zugleich unterschiedliche Positionen zu gemeinsamen Ergebnissen zusammenzubringen. Er habe so \u201eMenschen mit oft gegens\u00e4tzlichen Bildern von dem, was Kirche aktuell brauche, dazu gebracht, gut miteinander ins Gespr\u00e4ch und zu langfristig tragf\u00e4higen gemeinsamen L\u00f6sungen zu kommen.\u201c Die Spuren, die Klaus Engelhardt f\u00fcr die Zusammenarbeit der Landeskirchen gelegt habe, f\u00fchrten die Gemeinschaft in der EKD auch heute noch verl\u00e4sslich weiter.<\/span><\/p>\n<p class=\"EKDFlietext\"><span style=\"line-height:normal\">Engelhardt stammt aus einer badischen Pfarrersfamilie und wurde am 11. Mai 1932 in Schillingstadt (Main-Tauber-Kreis) geboren. Er studierte Theologie in G\u00f6ttingen, Basel und Heidelberg. Von 1966 bis 1980 lehrte er als Professor f\u00fcr Evangelische Theologie und P\u00e4dagogik an der P\u00e4dagogischen Hochschule in Heidelberg und wirkte dort auch als Rektor. <\/span><\/p>\n<p class=\"EKDFlietext\">Hannover, 11. Mai 2022<\/p>\n<p class=\"EKDAdressdaten\">Pressestelle der EKD<br \/>Annika Lukas<\/p>\n<\/div>\n","protected":false},"excerpt":{"rendered":"<p>11.05.2022Pressemitteilung Fr\u00fcherer EKD-Ratsvorsitzender Engelhardt feiert seinen 90. Geburtstag Klaus Engelhardt, fr\u00fcherer Ratsvorsitzender der Evangelischen Kirche in Deutschland (EKD) und badischer<\/p>\n","protected":false},"author":1,"featured_media":4485,"comment_status":"closed","ping_status":"closed","sticky":false,"template":"","format":"standard","meta":{"footnotes":""},"categories":[20],"tags":[],"_links":{"self":[{"href":"https:\/\/krankenhauspfarramt.de\/index.php\/wp-json\/wp\/v2\/posts\/4484"}],"collection":[{"href":"https:\/\/krankenhauspfarramt.de\/index.php\/wp-json\/wp\/v2\/posts"}],"about":[{"href":"https:\/\/krankenhauspfarramt.de\/index.php\/wp-json\/wp\/v2\/types\/post"}],"author":[{"embeddable":true,"href":"https:\/\/krankenhauspfarramt.de\/index.php\/wp-json\/wp\/v2\/users\/1"}],"replies":[{"embeddable":true,"href":"https:\/\/krankenhauspfarramt.de\/index.php\/wp-json\/wp\/v2\/comments?post=4484"}],"version-history":[{"count":1,"href":"https:\/\/krankenhauspfarramt.de\/index.php\/wp-json\/wp\/v2\/posts\/4484\/revisions"}],"predecessor-version":[{"id":4486,"href":"https:\/\/krankenhauspfarramt.de\/index.php\/wp-json\/wp\/v2\/posts\/4484\/revisions\/4486"}],"wp:featuredmedia":[{"embeddable":true,"href":"https:\/\/krankenhauspfarramt.de\/index.php\/wp-json\/wp\/v2\/media\/4485"}],"wp:attachment":[{"href":"https:\/\/krankenhauspfarramt.de\/index.php\/wp-json\/wp\/v2\/media?parent=4484"}],"wp:term":[{"taxonomy":"category","embeddable":true,"href":"https:\/\/krankenhauspfarramt.de\/index.php\/wp-json\/wp\/v2\/categories?post=4484"},{"taxonomy":"post_tag","embeddable":true,"href":"https:\/\/krankenhauspfarramt.de\/index.php\/wp-json\/wp\/v2\/tags?post=4484"}],"curies":[{"name":"wp","href":"https:\/\/api.w.org\/{rel}","templated":true}]}}