{"id":4490,"date":"2022-05-11T19:24:52","date_gmt":"2022-05-11T19:24:52","guid":{"rendered":"https:\/\/krankenhauspfarramt.de\/index.php\/2022\/05\/11\/frueherer-landesbischof-engelhardt-ist-meister-des-dialogs-ekd\/"},"modified":"2022-05-11T19:24:59","modified_gmt":"2022-05-11T19:24:59","slug":"frueherer-landesbischof-engelhardt-ist-meister-des-dialogs-ekd","status":"publish","type":"post","link":"https:\/\/krankenhauspfarramt.de\/index.php\/2022\/05\/11\/frueherer-landesbischof-engelhardt-ist-meister-des-dialogs-ekd\/","title":{"rendered":"Fr\u00fcherer Landesbischof Engelhardt ist \u201eMeister des Dialogs\u201c \u2013 EKD"},"content":{"rendered":"<p> <br \/>\n<\/p>\n<div>\n<p>Die Gl\u00fcckw\u00fcnsche von Kurschus \u00fcberbrachte Kirchenamtspr\u00e4sident Hans-Ulrich Anke (Hannover) bei einem Empfang am Mittwoch in Karlsruhe. Er w\u00fcrdigte Engelhardt als \u201ezugewandten, klugen, leidenschaftlichen und feinsinnigen Theologen\u201c, dessen \u201egeistliche Ausstrahlungskraft\u201c weit \u00fcber die Kirche hinaus reiche. Engelhardt sei es immer wieder gelungen, Menschen miteinander ins Gespr\u00e4ch zu bringen, auch in strittigen Themen. Exemplarisch nannte Anke die Milit\u00e4rseelsorge, die Friedensethik, den konfessionellen Religionsunterricht und Fragen des Kirchenasyls und der Geschlechtergerechtigkeit.<\/p>\n<p>Die badische Landesbisch\u00f6fin Heike Springhart dankte dem Jubilar f\u00fcr seinen klaren und sensiblen Blick, seine Nachdenklichkeit und \u201eglaubensheiteres Schmunzeln \u00fcber Gott und die Welt\u201c. Engelhardt verbinde \u201eauf einmalige Weise menschliche Zugewandtheit, theologische Klugheit und wache Zeitgenossenschaft\u201c.<\/p>\n<p>Am Mittwoch wurde Engelhardt 90 Jahre alt. Engelhardt stammt aus einer badischen Pfarrersfamilie und wurde am 11. Mai 1932 in Schillingstadt (Main-Tauber-Kreis) geboren.<\/p>\n<p>Engelhardt studierte evangelische Theologie in G\u00f6ttingen, Basel und Heidelberg. Von 1966 bis 1980 lehrte er als Professor f\u00fcr Evangelische Theologie und P\u00e4dagogik und als Rektor an der P\u00e4dagogischen Hochschule in Heidelberg. Von 1980 bis 1998 war er Landesbischof der Evangelischen Landeskirche in Baden und zudem von 1991 bis 1997 Ratsvorsitzender der EKD.<\/p>\n<\/p><\/div>\n","protected":false},"excerpt":{"rendered":"<p>Die Gl\u00fcckw\u00fcnsche von Kurschus \u00fcberbrachte Kirchenamtspr\u00e4sident Hans-Ulrich Anke (Hannover) bei einem Empfang am Mittwoch in Karlsruhe. Er w\u00fcrdigte Engelhardt als<\/p>\n","protected":false},"author":1,"featured_media":4491,"comment_status":"closed","ping_status":"closed","sticky":false,"template":"","format":"standard","meta":{"footnotes":""},"categories":[20],"tags":[],"_links":{"self":[{"href":"https:\/\/krankenhauspfarramt.de\/index.php\/wp-json\/wp\/v2\/posts\/4490"}],"collection":[{"href":"https:\/\/krankenhauspfarramt.de\/index.php\/wp-json\/wp\/v2\/posts"}],"about":[{"href":"https:\/\/krankenhauspfarramt.de\/index.php\/wp-json\/wp\/v2\/types\/post"}],"author":[{"embeddable":true,"href":"https:\/\/krankenhauspfarramt.de\/index.php\/wp-json\/wp\/v2\/users\/1"}],"replies":[{"embeddable":true,"href":"https:\/\/krankenhauspfarramt.de\/index.php\/wp-json\/wp\/v2\/comments?post=4490"}],"version-history":[{"count":1,"href":"https:\/\/krankenhauspfarramt.de\/index.php\/wp-json\/wp\/v2\/posts\/4490\/revisions"}],"predecessor-version":[{"id":4492,"href":"https:\/\/krankenhauspfarramt.de\/index.php\/wp-json\/wp\/v2\/posts\/4490\/revisions\/4492"}],"wp:featuredmedia":[{"embeddable":true,"href":"https:\/\/krankenhauspfarramt.de\/index.php\/wp-json\/wp\/v2\/media\/4491"}],"wp:attachment":[{"href":"https:\/\/krankenhauspfarramt.de\/index.php\/wp-json\/wp\/v2\/media?parent=4490"}],"wp:term":[{"taxonomy":"category","embeddable":true,"href":"https:\/\/krankenhauspfarramt.de\/index.php\/wp-json\/wp\/v2\/categories?post=4490"},{"taxonomy":"post_tag","embeddable":true,"href":"https:\/\/krankenhauspfarramt.de\/index.php\/wp-json\/wp\/v2\/tags?post=4490"}],"curies":[{"name":"wp","href":"https:\/\/api.w.org\/{rel}","templated":true}]}}