{"id":4493,"date":"2022-05-11T23:31:35","date_gmt":"2022-05-11T23:31:35","guid":{"rendered":"https:\/\/krankenhauspfarramt.de\/index.php\/2022\/05\/11\/theologe-mit-leidenschaftlicher-nachdenklichkeit-ekd\/"},"modified":"2022-05-11T23:31:42","modified_gmt":"2022-05-11T23:31:42","slug":"theologe-mit-leidenschaftlicher-nachdenklichkeit-ekd","status":"publish","type":"post","link":"https:\/\/krankenhauspfarramt.de\/index.php\/2022\/05\/11\/theologe-mit-leidenschaftlicher-nachdenklichkeit-ekd\/","title":{"rendered":"Theologe mit leidenschaftlicher Nachdenklichkeit \u2013 EKD"},"content":{"rendered":"<p> <br \/>\n<\/p>\n<div>\n<p>Auch mit der katholischen Kirche suchte der Theologe, der von 1980 bis 1998 Landesbischof in Baden war, den Dialog. In seine Amtszeit fiel etwa das gemeinsame Sozialwort der Kirchen \u201eF\u00fcr eine Zukunft in Solidarit\u00e4t und Gerechtigkeit\u201c, das 1997 ver\u00f6ffentlicht wurde. Wiederholt pl\u00e4dierte er etwa f\u00fcr die Zulassung konfessionsverschiedener Ehepartner zur Eucharistie in der katholischen Kirche.<\/p>\n<p>Dabei blieb der f\u00fcr seine Offenheit und Liberalit\u00e4t gesch\u00e4tzte Bischof basisnah. So stand er regelm\u00e4\u00dfig in badischen Gemeinden auf der Kanzel. Der fr\u00fchere badische Landesbischof Jochen Cornelius-Bundschuh bezeichnet Engelhardt als freundlich, ausgleichend und feinsinnig. Er sei ein \u201eTheologe mit leidenschaftlicher Nachdenklichkeit\u201c, dem das \u201eBalancieren zwischen Kirche und Welt\u201c gelungen sei.<\/p>\n<p>Engelhardt studierte Theologie in G\u00f6ttingen, Basel und Heidelberg. Von 1966 bis 1980 lehrte er als Professor f\u00fcr Evangelische Theologie und P\u00e4dagogik und als Rektor an der P\u00e4dagogischen Hochschule in Heidelberg.<\/p>\n<p>Einer seiner fr\u00fcheren Studenten ist der badische Synodalpr\u00e4sident Axel Wermke. Dieser w\u00fcrdigt Engelhardt als exzellenten Theologen: \u201erichtungsweisend, gr\u00fcndlich in den \u00dcberlegungen und Vorbereitungen\u201c. Auch als Hochschulprofessor sei Engelhardt \u201egeduldig und zielgerichtet, vor allem auch wertsch\u00e4tzend und motivierend\u201c gewesen.<\/p>\n<p>Das Nachdenken \u00fcber biblische Texte ist Engelhardt auch im Ruhestand wichtig. Das sei nicht nur f\u00fcr Theologen, sondern \u201ef\u00fcr jeden Christenmenschen\u201c wichtig, betont er und bezeichnet sich selbst als \u201ebibelversessen\u201c. Aufgabe der Kirche sei es, von der biblischen Botschaft ausgehend, zu politischen und gesellschaftlichen Fragen Stellung zu beziehen. \u201eWir m\u00fcssen die Kanzel auch au\u00dferhalb der Kirchen suchen\u201c, sagt Engelhardt im Gespr\u00e4ch mit dem Evangelischen Pressedienst (epd).<\/p>\n<p>Den Blick \u00fcber die Kirche hinaus hat er selbst oft gewagt &#8211; beispielsweise bei Gottesdiensten im Karlsruher Museum ZKM oder beim Blick in den Himmel. So beobachtete Engelhardt die erste Mondlandung 1969 mit dem Fernglas, wie sich sein Sohn Markus Engelhardt, Pfarrer an der Dresdner Frauenkirche, erinnert. Der Blick seines Vaters durchs Fernglas sei aber nicht in den Himmel gerichtet gewesen, sondern auf das nachbarliche Wohnzimmer, wo eines der damals seltenen TV-Ger\u00e4te die Mondlandung \u00fcbertrug.<\/p>\n<p style=\"text-align:right\"><em>Von Christine S\u00fc\u00df-Demuth (epd)<\/em><\/p>\n<\/p><\/div>\n","protected":false},"excerpt":{"rendered":"<p>Auch mit der katholischen Kirche suchte der Theologe, der von 1980 bis 1998 Landesbischof in Baden war, den Dialog. In<\/p>\n","protected":false},"author":1,"featured_media":4494,"comment_status":"closed","ping_status":"closed","sticky":false,"template":"","format":"standard","meta":{"footnotes":""},"categories":[20],"tags":[],"_links":{"self":[{"href":"https:\/\/krankenhauspfarramt.de\/index.php\/wp-json\/wp\/v2\/posts\/4493"}],"collection":[{"href":"https:\/\/krankenhauspfarramt.de\/index.php\/wp-json\/wp\/v2\/posts"}],"about":[{"href":"https:\/\/krankenhauspfarramt.de\/index.php\/wp-json\/wp\/v2\/types\/post"}],"author":[{"embeddable":true,"href":"https:\/\/krankenhauspfarramt.de\/index.php\/wp-json\/wp\/v2\/users\/1"}],"replies":[{"embeddable":true,"href":"https:\/\/krankenhauspfarramt.de\/index.php\/wp-json\/wp\/v2\/comments?post=4493"}],"version-history":[{"count":1,"href":"https:\/\/krankenhauspfarramt.de\/index.php\/wp-json\/wp\/v2\/posts\/4493\/revisions"}],"predecessor-version":[{"id":4495,"href":"https:\/\/krankenhauspfarramt.de\/index.php\/wp-json\/wp\/v2\/posts\/4493\/revisions\/4495"}],"wp:featuredmedia":[{"embeddable":true,"href":"https:\/\/krankenhauspfarramt.de\/index.php\/wp-json\/wp\/v2\/media\/4494"}],"wp:attachment":[{"href":"https:\/\/krankenhauspfarramt.de\/index.php\/wp-json\/wp\/v2\/media?parent=4493"}],"wp:term":[{"taxonomy":"category","embeddable":true,"href":"https:\/\/krankenhauspfarramt.de\/index.php\/wp-json\/wp\/v2\/categories?post=4493"},{"taxonomy":"post_tag","embeddable":true,"href":"https:\/\/krankenhauspfarramt.de\/index.php\/wp-json\/wp\/v2\/tags?post=4493"}],"curies":[{"name":"wp","href":"https:\/\/api.w.org\/{rel}","templated":true}]}}