{"id":4505,"date":"2022-05-13T15:56:40","date_gmt":"2022-05-13T15:56:40","guid":{"rendered":"https:\/\/krankenhauspfarramt.de\/index.php\/2022\/05\/13\/gefaengnisseelsorger-diskutieren-seelsorge-multikulturell-ekd\/"},"modified":"2022-05-13T15:56:47","modified_gmt":"2022-05-13T15:56:47","slug":"gefaengnisseelsorger-diskutieren-seelsorge-multikulturell-ekd","status":"publish","type":"post","link":"https:\/\/krankenhauspfarramt.de\/index.php\/2022\/05\/13\/gefaengnisseelsorger-diskutieren-seelsorge-multikulturell-ekd\/","title":{"rendered":"Gef\u00e4ngnisseelsorger diskutieren Seelsorge multikulturell \u2013 EKD"},"content":{"rendered":"<p> <br \/>\n<\/p>\n<div>\n<p>Nach Angaben der Justizbeh\u00f6rden gibt es in deutschen Gef\u00e4ngnissen mittlerweile doppelt so viele Muslime wie noch vor zehn Jahren. Als urs\u00e4chlich f\u00fcr diese Zahlen sehen Politiker den gestiegenen Bev\u00f6lkerungsanteil von Menschen muslimischen Glaubens in der Gesellschaft. Die christlich-orthodoxe, hinduistisch-buddhistische oder j\u00fcdische Religion spiele in den Gef\u00e4ngnissen eine untergeordnete Rolle, hie\u00df es auf der Tagung.<\/p>\n<p>Das Seelsorgegeheimnis gibt es nur im Christentum. Im Bereich der Evangelischen Kirche in Deutschland gilt f\u00fcr Gef\u00e4ngnisseelsorger daher vor Gericht das Zeugnisverweigerungsrecht. In anderen Religionen gebe es diese Art der \u201egeistlichen Begleitung\u201c nicht, erkl\u00e4rte der stellvertretende Bundesvorsitzende der Konferenz, Adrian Tillmanns. Bundesweit gibt es bisher drei hauptamtliche muslimische Seelsorger im Strafvollzug. Ein Zeugnisverweigerungsrecht vor Gericht wie christliche Pfarrer haben sie nicht. Bisher h\u00e4tten jedoch der Verfassungsschutz und das bayerische Justizministerium auf entsprechende Nachfragen bei ihm verzichtet, berichtete ein bayerischer muslimischer Seelsorger.<\/p>\n<\/p><\/div>\n","protected":false},"excerpt":{"rendered":"<p>Nach Angaben der Justizbeh\u00f6rden gibt es in deutschen Gef\u00e4ngnissen mittlerweile doppelt so viele Muslime wie noch vor zehn Jahren. Als<\/p>\n","protected":false},"author":1,"featured_media":4506,"comment_status":"closed","ping_status":"closed","sticky":false,"template":"","format":"standard","meta":{"footnotes":""},"categories":[20],"tags":[],"_links":{"self":[{"href":"https:\/\/krankenhauspfarramt.de\/index.php\/wp-json\/wp\/v2\/posts\/4505"}],"collection":[{"href":"https:\/\/krankenhauspfarramt.de\/index.php\/wp-json\/wp\/v2\/posts"}],"about":[{"href":"https:\/\/krankenhauspfarramt.de\/index.php\/wp-json\/wp\/v2\/types\/post"}],"author":[{"embeddable":true,"href":"https:\/\/krankenhauspfarramt.de\/index.php\/wp-json\/wp\/v2\/users\/1"}],"replies":[{"embeddable":true,"href":"https:\/\/krankenhauspfarramt.de\/index.php\/wp-json\/wp\/v2\/comments?post=4505"}],"version-history":[{"count":1,"href":"https:\/\/krankenhauspfarramt.de\/index.php\/wp-json\/wp\/v2\/posts\/4505\/revisions"}],"predecessor-version":[{"id":4507,"href":"https:\/\/krankenhauspfarramt.de\/index.php\/wp-json\/wp\/v2\/posts\/4505\/revisions\/4507"}],"wp:featuredmedia":[{"embeddable":true,"href":"https:\/\/krankenhauspfarramt.de\/index.php\/wp-json\/wp\/v2\/media\/4506"}],"wp:attachment":[{"href":"https:\/\/krankenhauspfarramt.de\/index.php\/wp-json\/wp\/v2\/media?parent=4505"}],"wp:term":[{"taxonomy":"category","embeddable":true,"href":"https:\/\/krankenhauspfarramt.de\/index.php\/wp-json\/wp\/v2\/categories?post=4505"},{"taxonomy":"post_tag","embeddable":true,"href":"https:\/\/krankenhauspfarramt.de\/index.php\/wp-json\/wp\/v2\/tags?post=4505"}],"curies":[{"name":"wp","href":"https:\/\/api.w.org\/{rel}","templated":true}]}}