{"id":4508,"date":"2022-05-13T20:01:08","date_gmt":"2022-05-13T20:01:08","guid":{"rendered":"https:\/\/krankenhauspfarramt.de\/index.php\/2022\/05\/13\/abschied-von-berliner-altbischof-martin-kruse-ekd\/"},"modified":"2022-05-13T20:01:16","modified_gmt":"2022-05-13T20:01:16","slug":"abschied-von-berliner-altbischof-martin-kruse-ekd","status":"publish","type":"post","link":"https:\/\/krankenhauspfarramt.de\/index.php\/2022\/05\/13\/abschied-von-berliner-altbischof-martin-kruse-ekd\/","title":{"rendered":"Abschied von Berliner Altbischof Martin Kruse \u2013 EKD"},"content":{"rendered":"<p> <br \/>\n<\/p>\n<div>\n<p>Der Berliner Bischof Christian St\u00e4blein sagte in seiner Predigt, Kruse habe nicht nur der Kirche, er habe auch der Stadt, dem Land Dienst erwiesen und Ehre gemacht: \u201eDeswegen sagt heute auch Berlin nochmal Danke.\u201c<\/p>\n<p>Kruse sei Ende der 70er Jahre als Bischof in ein zerstrittenes und \u00fcberaus streitbares West-Berlin gekommen und habe mit seiner Klarheit und dem Vermeiden falscher Parteinahme in Kirche und Stadt Wege miteinander er\u00f6ffnet. Nach dem Mauerfall sei er bei dem Zusammenkommen von Ost- und Westregion der evangelischen Kirche genau der Richtige gewesen, betonte St\u00e4blein: \u201eDas Gemeinsame suchend, die Unterschiede anerkennend.\u201c<\/p>\n<p>Berlins Innensenatorin Iris Spranger (SPD) sagte, Kruse habe es vermocht, den Menschen, ob gl\u00e4ubig oder nicht, Orientierung und Halt zu geben: \u201eEr hat Berlin gepr\u00e4gt und unsere Stadt zu einem besseren Ort gemacht.\u201c<\/p>\n<p>Mit ihm verliere die Stadtgesellschaft einen Menschen, der den Christinnen und Christen und Berlin viel gegeben habe, sagte Spranger, die in dem Trauergottesdienst den Berliner Senat vertrat. Er habe sehr viel dazu beigetragen, in der Stadt den inneren Frieden zu bewahren, wie etwa bei seiner Vermittlung bei den Hausbesetzungen in den 80er Jahren. \u201eEr brachte Menschen mit verschiedenen Standpunkten zusammen und stand f\u00fcr eine evangelische Kirche, die in gesellschaftlichen Fragen ihre Stimme engagiert einbringt\u201c, sagte die SPD-Politikerin.<\/p>\n<p>Martin Kruse wurde am 21. April 1929 im nieders\u00e4chsischen Lauenberg geboren und wuchs im Emsland auf. Nach Theologiestudium und Vikariat war er von 1955 bis 1970 im nieders\u00e4chsischen Loccum zun\u00e4chst als Studienleiter f\u00fcr Jugendsozialarbeit an der Evangelischen Akademie, dann als Stiftsprediger und sp\u00e4ter als Direktor des Predigerseminars t\u00e4tig. 1970 ging er als Landessuperintendent der hannoverschen Landeskirche nach Stade.<\/p>\n<p>Im Mai 1976 wurde er zum Nachfolger von Kurt Scharf als Bischof der damaligen West-Region der Evangelischen Kirche in Berlin-Brandenburg gew\u00e4hlt und trat im darauffolgenden Jahr sein Amt an. Von 1991 bis 1994 hatte er das Bischofsamt f\u00fcr die gesamte Landeskirche inne.<\/p>\n<p>Von 1979 bis 1991 geh\u00f6rte der promovierte Theologe dem Rat der EKD an. Ab 1985 stand er als Vorsitzender f\u00fcr sechs Jahre an dessen Spitze.<\/p>\n<\/p><\/div>\n","protected":false},"excerpt":{"rendered":"<p>Der Berliner Bischof Christian St\u00e4blein sagte in seiner Predigt, Kruse habe nicht nur der Kirche, er habe auch der Stadt,<\/p>\n","protected":false},"author":1,"featured_media":4509,"comment_status":"closed","ping_status":"closed","sticky":false,"template":"","format":"standard","meta":{"footnotes":""},"categories":[20],"tags":[],"_links":{"self":[{"href":"https:\/\/krankenhauspfarramt.de\/index.php\/wp-json\/wp\/v2\/posts\/4508"}],"collection":[{"href":"https:\/\/krankenhauspfarramt.de\/index.php\/wp-json\/wp\/v2\/posts"}],"about":[{"href":"https:\/\/krankenhauspfarramt.de\/index.php\/wp-json\/wp\/v2\/types\/post"}],"author":[{"embeddable":true,"href":"https:\/\/krankenhauspfarramt.de\/index.php\/wp-json\/wp\/v2\/users\/1"}],"replies":[{"embeddable":true,"href":"https:\/\/krankenhauspfarramt.de\/index.php\/wp-json\/wp\/v2\/comments?post=4508"}],"version-history":[{"count":1,"href":"https:\/\/krankenhauspfarramt.de\/index.php\/wp-json\/wp\/v2\/posts\/4508\/revisions"}],"predecessor-version":[{"id":4510,"href":"https:\/\/krankenhauspfarramt.de\/index.php\/wp-json\/wp\/v2\/posts\/4508\/revisions\/4510"}],"wp:featuredmedia":[{"embeddable":true,"href":"https:\/\/krankenhauspfarramt.de\/index.php\/wp-json\/wp\/v2\/media\/4509"}],"wp:attachment":[{"href":"https:\/\/krankenhauspfarramt.de\/index.php\/wp-json\/wp\/v2\/media?parent=4508"}],"wp:term":[{"taxonomy":"category","embeddable":true,"href":"https:\/\/krankenhauspfarramt.de\/index.php\/wp-json\/wp\/v2\/categories?post=4508"},{"taxonomy":"post_tag","embeddable":true,"href":"https:\/\/krankenhauspfarramt.de\/index.php\/wp-json\/wp\/v2\/tags?post=4508"}],"curies":[{"name":"wp","href":"https:\/\/api.w.org\/{rel}","templated":true}]}}