{"id":4511,"date":"2022-05-14T00:02:54","date_gmt":"2022-05-14T00:02:54","guid":{"rendered":"https:\/\/krankenhauspfarramt.de\/index.php\/2022\/05\/14\/bei-gleichberechtigung-noch-nicht-am-ziel-ekd\/"},"modified":"2022-05-14T00:03:02","modified_gmt":"2022-05-14T00:03:02","slug":"bei-gleichberechtigung-noch-nicht-am-ziel-ekd","status":"publish","type":"post","link":"https:\/\/krankenhauspfarramt.de\/index.php\/2022\/05\/14\/bei-gleichberechtigung-noch-nicht-am-ziel-ekd\/","title":{"rendered":"bei Gleichberechtigung noch nicht am Ziel \u2013 EKD"},"content":{"rendered":"<p> <br \/>\n<\/p>\n<div>\n<p>Chancengleichheit und Bildungsgerechtigkeit, Diversit\u00e4t und Toleranz blieben das Ziel der gesellschaftlichen Entwicklung, machte die Kirchenpr\u00e4sidentin deutlich. \u201eSelbstverst\u00e4ndlich spielen Talent, Kompetenz und F\u00e4higkeit die erste Geige und nicht Geschlecht, Herkunft, Sprache oder Religion\u201c, sagte sie. Auch sie selbst wisse, dass es noch immer nicht \u201enormal\u201c erscheine, dass eine Frau an der Spitze einer Kirche stehe. Die Buntheit des Lebens bereichere alle Menschen, und selbstverst\u00e4ndlich erhielten alle gleiches Geld und gleiche Wertsch\u00e4tzung f\u00fcr ihre Leistung, sagte W\u00fcst.<\/p>\n<p>Auf dem Weg zur Gleichstellung d\u00fcrfe man keinesfalls stehenbleiben, \u201eweil noch so vieles im Argen liegt\u201c, rief die Kirchenpr\u00e4sidentin laut vorab ver\u00f6ffentlichtem Redemanuskript den Pilgerinnen und Pilgern zu. Vor allem der Krieg in der Ukraine zeige, wie zerbrechlich das Erreichte mit Blick auf die Gleichstellung sei: Vergewaltigung werde von den russischen Angreifern als Kriegswaffe eingesetzt. Die Teilnehmerinnen und Teilnehmer der Aktion seien auf dem Weg f\u00fcr die gesch\u00e4ndeten Frauen und alle Menschen, die unter Gewalt und Ungerechtigkeit litten oder benachteiligt und diskriminiert seien.<\/p>\n<p>\u201eGo f\u00fcr Gender Justice\u201c wird von der Konferenz der Gender-Referate und Gleichstellungsstellen in den evangelischen Landeskirchen getragen.<\/p>\n<\/p><\/div>\n","protected":false},"excerpt":{"rendered":"<p>Chancengleichheit und Bildungsgerechtigkeit, Diversit\u00e4t und Toleranz blieben das Ziel der gesellschaftlichen Entwicklung, machte die Kirchenpr\u00e4sidentin deutlich. \u201eSelbstverst\u00e4ndlich spielen Talent, Kompetenz<\/p>\n","protected":false},"author":1,"featured_media":4512,"comment_status":"closed","ping_status":"closed","sticky":false,"template":"","format":"standard","meta":{"footnotes":""},"categories":[20],"tags":[],"_links":{"self":[{"href":"https:\/\/krankenhauspfarramt.de\/index.php\/wp-json\/wp\/v2\/posts\/4511"}],"collection":[{"href":"https:\/\/krankenhauspfarramt.de\/index.php\/wp-json\/wp\/v2\/posts"}],"about":[{"href":"https:\/\/krankenhauspfarramt.de\/index.php\/wp-json\/wp\/v2\/types\/post"}],"author":[{"embeddable":true,"href":"https:\/\/krankenhauspfarramt.de\/index.php\/wp-json\/wp\/v2\/users\/1"}],"replies":[{"embeddable":true,"href":"https:\/\/krankenhauspfarramt.de\/index.php\/wp-json\/wp\/v2\/comments?post=4511"}],"version-history":[{"count":1,"href":"https:\/\/krankenhauspfarramt.de\/index.php\/wp-json\/wp\/v2\/posts\/4511\/revisions"}],"predecessor-version":[{"id":4513,"href":"https:\/\/krankenhauspfarramt.de\/index.php\/wp-json\/wp\/v2\/posts\/4511\/revisions\/4513"}],"wp:featuredmedia":[{"embeddable":true,"href":"https:\/\/krankenhauspfarramt.de\/index.php\/wp-json\/wp\/v2\/media\/4512"}],"wp:attachment":[{"href":"https:\/\/krankenhauspfarramt.de\/index.php\/wp-json\/wp\/v2\/media?parent=4511"}],"wp:term":[{"taxonomy":"category","embeddable":true,"href":"https:\/\/krankenhauspfarramt.de\/index.php\/wp-json\/wp\/v2\/categories?post=4511"},{"taxonomy":"post_tag","embeddable":true,"href":"https:\/\/krankenhauspfarramt.de\/index.php\/wp-json\/wp\/v2\/tags?post=4511"}],"curies":[{"name":"wp","href":"https:\/\/api.w.org\/{rel}","templated":true}]}}