{"id":4521,"date":"2022-05-16T16:52:12","date_gmt":"2022-05-16T16:52:12","guid":{"rendered":"https:\/\/krankenhauspfarramt.de\/index.php\/2022\/05\/16\/bernd-becker-zum-leiter-des-reformierten-bundes-gewaehlt-ekd\/"},"modified":"2022-05-16T16:52:19","modified_gmt":"2022-05-16T16:52:19","slug":"bernd-becker-zum-leiter-des-reformierten-bundes-gewaehlt-ekd","status":"publish","type":"post","link":"https:\/\/krankenhauspfarramt.de\/index.php\/2022\/05\/16\/bernd-becker-zum-leiter-des-reformierten-bundes-gewaehlt-ekd\/","title":{"rendered":"Bernd Becker zum Leiter des Reformierten Bundes gew\u00e4hlt \u2013 EKD"},"content":{"rendered":"<p> <br \/>\n<\/p>\n<div id=\"\">\n<p>Hannover, Halle\/Saale, Bielefeld (epd). Pastor Bernd Becker ist der neue ehrenamtliche Leiter des Reformierten Bundes. Die in Halle an der Saale tagende Hauptversammlung des reformierten Dachverbands w\u00e4hlte den Theologen aus Bielefeld am Samstag mit gro\u00dfer Mehrheit zum neuen \u201eModerator\u201c. Becker folgt der Berliner Theologin Katrin Oxen im Amt, die Ende M\u00e4rz ihren vorzeitigen R\u00fccktritt aus beruflichen Gr\u00fcnden angek\u00fcndigt hatte. Becker war der einzige Kandidat. Er erhielt 101 von 106 Stimmen.<\/p>\n<p>In seiner Vorstellungsrede betonte Becker, er wolle viel Kontakt zu den Gemeinden aufnehmen. Gott sei \u201ekein musealer Glaubensgegenstand, sondern ein lebendiges Gegen\u00fcber, das uns an die Hand nimmt, aber auch herausfordert\u201c. Er wolle au\u00dferdem die Stimme des Reformierten Bundes weiter st\u00e4rken. Er verstehe den Reformierten Bund als \u201eAgentur f\u00fcr Reformierte Liturgie\u201c.<\/p>\n<p>Beckers Amtszeit werde zun\u00e4chst nur zwei Jahre dauern, hie\u00df es. 2024 soll dann die Hauptversammlung turnusm\u00e4\u00dfig wieder einen Moderator oder eine Moderatorin f\u00fcr die \u00fcbliche Amtszeit von sechs Jahren w\u00e4hlen. Der Moderator oder die Moderatorin ist das \u201eGesicht und Stimme des Reformierten Bundes\u201c mit vor allem repr\u00e4sentative Aufgaben. Zum Reformierten Bund geh\u00f6ren eigenen Angaben zufolge rund 1,5 Millionen evangelisch-reformierte Christen in ganz Deutschland. Dem als Verein organisierten Bund geh\u00f6ren Einzelpersonen sowie die Evangelisch-reformierte Kirche, die Lippische Landeskirche sowie zahlreiche Kirchengemeinden an.<\/p>\n<p>Becker wurde 1969 in Siegen geboren. Evangelische Theologie studierte er in Heidelberg und M\u00fcnchen. Er ist Herausgeber der evangelischen Wochenzeitung \u201eUnsere Kirche\u201c (UK). Seit 2013 ist er Direktor des Evangelischen Presseverbands f\u00fcr Westfalen und Lippe in Bielefeld.<\/p>\n<\/div>\n","protected":false},"excerpt":{"rendered":"<p>Hannover, Halle\/Saale, Bielefeld (epd). Pastor Bernd Becker ist der neue ehrenamtliche Leiter des Reformierten Bundes. Die in Halle an der<\/p>\n","protected":false},"author":1,"featured_media":4522,"comment_status":"closed","ping_status":"closed","sticky":false,"template":"","format":"standard","meta":{"footnotes":""},"categories":[20],"tags":[],"_links":{"self":[{"href":"https:\/\/krankenhauspfarramt.de\/index.php\/wp-json\/wp\/v2\/posts\/4521"}],"collection":[{"href":"https:\/\/krankenhauspfarramt.de\/index.php\/wp-json\/wp\/v2\/posts"}],"about":[{"href":"https:\/\/krankenhauspfarramt.de\/index.php\/wp-json\/wp\/v2\/types\/post"}],"author":[{"embeddable":true,"href":"https:\/\/krankenhauspfarramt.de\/index.php\/wp-json\/wp\/v2\/users\/1"}],"replies":[{"embeddable":true,"href":"https:\/\/krankenhauspfarramt.de\/index.php\/wp-json\/wp\/v2\/comments?post=4521"}],"version-history":[{"count":1,"href":"https:\/\/krankenhauspfarramt.de\/index.php\/wp-json\/wp\/v2\/posts\/4521\/revisions"}],"predecessor-version":[{"id":4523,"href":"https:\/\/krankenhauspfarramt.de\/index.php\/wp-json\/wp\/v2\/posts\/4521\/revisions\/4523"}],"wp:featuredmedia":[{"embeddable":true,"href":"https:\/\/krankenhauspfarramt.de\/index.php\/wp-json\/wp\/v2\/media\/4522"}],"wp:attachment":[{"href":"https:\/\/krankenhauspfarramt.de\/index.php\/wp-json\/wp\/v2\/media?parent=4521"}],"wp:term":[{"taxonomy":"category","embeddable":true,"href":"https:\/\/krankenhauspfarramt.de\/index.php\/wp-json\/wp\/v2\/categories?post=4521"},{"taxonomy":"post_tag","embeddable":true,"href":"https:\/\/krankenhauspfarramt.de\/index.php\/wp-json\/wp\/v2\/tags?post=4521"}],"curies":[{"name":"wp","href":"https:\/\/api.w.org\/{rel}","templated":true}]}}