{"id":4542,"date":"2022-06-29T13:18:29","date_gmt":"2022-06-29T13:18:29","guid":{"rendered":"https:\/\/krankenhauspfarramt.de\/index.php\/2022\/06\/29\/15-06-2022-zum-80-geburtstag-von-praelat-i-r-claus-maier\/"},"modified":"2022-06-29T13:18:29","modified_gmt":"2022-06-29T13:18:29","slug":"15-06-2022-zum-80-geburtstag-von-praelat-i-r-claus-maier","status":"publish","type":"post","link":"https:\/\/krankenhauspfarramt.de\/index.php\/2022\/06\/29\/15-06-2022-zum-80-geburtstag-von-praelat-i-r-claus-maier\/","title":{"rendered":"15.06.2022 Zum 80. Geburtstag von Pr\u00e4lat i.R. Claus Maier"},"content":{"rendered":"<p><img decoding=\"async\" src=\"https:\/\/www.elk-wue.de\/\" \/><\/p>\n<div id=\"c37224\">\n<header>\n<h2>Dank f\u00fcr \u201edie erlebte Weggemeinschaft\u201c<\/h2>\n<\/header>\n<p>Stuttgart. 18 Jahre lang war Claus Maier als Reutlinger Pr\u00e4lat im Amt. Am 18. Juni feiert er seinen 80. Geburtstag. Landesbischof Dr. h.c. Frank Otfried July w\u00fcrdigt in seiner Gratulation Maiers Verdienste um die w\u00fcrttembergische Landeskirche.<\/p>\n<p>\u201eIn herzlicher Verbundenheit gratuliere ich Claus Maier zu seinem 80. Geburtstag. Ich danke ihm f\u00fcr die erlebte Weggemeinschaft\u201c, so July. Maier habe verschiedene kirchenleitende \u00c4mter bekleidet, schreibt July weiter und hebt neben Maiers 18-j\u00e4hrigem Dienst als Pr\u00e4lat in Reutlingen auch seine Ehren\u00e4mter hervor: \u201eDurch sein Engagement in den Pfarrvereinen in W\u00fcrttemberg und in Europa hatte er tiefen Einblick in gesellschaftliche Ver\u00e4nderungsprozesse und deren Auswirkung auf die Pfarrerinnen und Pfarrer.\u201c Diese Einblicke habe Maier immer wieder in kirchenleitende \u00dcberlegungen eingebracht. July beschreibt Maiers Pers\u00f6nlichkeit so: \u201eSein Humor, sein Gespr\u00e4chsf\u00e4higkeit, aber auch zisterziensische Fr\u00f6mmigkeitsimpulse aus seinen Maulbronner Zeiten machen eine ganz eigene Mischung aus. So w\u00fcnsche ich ihm ein von Gott geleitetes neues Lebensjahrzehnt. Die evangelische Landeskirche dankt f\u00fcr seinen vielf\u00e4ltigen Dienst und gr\u00fc\u00dft herzlich die ganze Familie.\u201c<\/p>\n<p>Von 1989 bis 2007 war Claus Maier Regionalbischof des 14 Kirchenbezirke umfassenden Sprengels Reutlingen und zugleich Theologischer Stellvertreter des Landesbischofs. Zuvor war der geb\u00fcrtige Stuttgarter von 1971 bis 1986 als Pfarrer in Maulbronn und anschlie\u00dfend bis 1989 als Schuldekan der Kirchenbezirke Vaihingen\/Enz und M\u00fchlacker t\u00e4tig. Von 1997 bis 2002 engagierte er sich ehrenamtlich als Vorsitzender des Diakonischen Werks W\u00fcrttemberg und von 1990 bis 2000 als Vorsitzender des Aufsichtsrates der Diakonie Stetten.<\/p>\n<p>Zudem hat sich Maier in berufsst\u00e4ndischen Organisationen engagiert: So war er 13 Jahre lang Vorsitzender des w\u00fcrttembergischen Pfarrvereins und von 1984 bis 1992 Pr\u00e4sident der Konferenz der Europ\u00e4ischen Pfarrvereine und Pfarrervertretungen.<\/p>\n<p>Dan Peter\u00a0\u00a0\u00a0\u00a0\u00a0\u00a0\u00a0\u00a0\u00a0\u00a0\u00a0\u00a0\u00a0\u00a0\u00a0\u00a0\u00a0\u00a0\u00a0\u00a0\u00a0\u00a0\u00a0\u00a0\u00a0\u00a0\u00a0\u00a0\u00a0\u00a0\u00a0\u00a0\u00a0\u00a0\u00a0\u00a0\u00a0\u00a0<\/p>\n<p>Sprecher der Landeskirche\u00a0\u00a0\u00a0\u00a0<\/p>\n<\/div>\n","protected":false},"excerpt":{"rendered":"<p>Dank f\u00fcr \u201edie erlebte Weggemeinschaft\u201c Stuttgart. 18 Jahre lang war Claus Maier als Reutlinger Pr\u00e4lat im Amt. Am 18. Juni<\/p>\n","protected":false},"author":1,"featured_media":0,"comment_status":"closed","ping_status":"closed","sticky":false,"template":"","format":"standard","meta":{"footnotes":""},"categories":[21],"tags":[],"_links":{"self":[{"href":"https:\/\/krankenhauspfarramt.de\/index.php\/wp-json\/wp\/v2\/posts\/4542"}],"collection":[{"href":"https:\/\/krankenhauspfarramt.de\/index.php\/wp-json\/wp\/v2\/posts"}],"about":[{"href":"https:\/\/krankenhauspfarramt.de\/index.php\/wp-json\/wp\/v2\/types\/post"}],"author":[{"embeddable":true,"href":"https:\/\/krankenhauspfarramt.de\/index.php\/wp-json\/wp\/v2\/users\/1"}],"replies":[{"embeddable":true,"href":"https:\/\/krankenhauspfarramt.de\/index.php\/wp-json\/wp\/v2\/comments?post=4542"}],"version-history":[{"count":0,"href":"https:\/\/krankenhauspfarramt.de\/index.php\/wp-json\/wp\/v2\/posts\/4542\/revisions"}],"wp:attachment":[{"href":"https:\/\/krankenhauspfarramt.de\/index.php\/wp-json\/wp\/v2\/media?parent=4542"}],"wp:term":[{"taxonomy":"category","embeddable":true,"href":"https:\/\/krankenhauspfarramt.de\/index.php\/wp-json\/wp\/v2\/categories?post=4542"},{"taxonomy":"post_tag","embeddable":true,"href":"https:\/\/krankenhauspfarramt.de\/index.php\/wp-json\/wp\/v2\/tags?post=4542"}],"curies":[{"name":"wp","href":"https:\/\/api.w.org\/{rel}","templated":true}]}}