{"id":4543,"date":"2022-06-29T13:21:35","date_gmt":"2022-06-29T13:21:35","guid":{"rendered":"https:\/\/krankenhauspfarramt.de\/index.php\/2022\/06\/29\/es-ist-die-sprache-die-gott-zur-vorstellung-bringt-ekd\/"},"modified":"2022-06-29T13:21:36","modified_gmt":"2022-06-29T13:21:36","slug":"es-ist-die-sprache-die-gott-zur-vorstellung-bringt-ekd","status":"publish","type":"post","link":"https:\/\/krankenhauspfarramt.de\/index.php\/2022\/06\/29\/es-ist-die-sprache-die-gott-zur-vorstellung-bringt-ekd\/","title":{"rendered":"\u201eEs ist die Sprache, die Gott zur Vorstellung bringt.\u201c \u2013 EKD"},"content":{"rendered":"<p> <br \/>\n<\/p>\n<div id=\"\">\n<p>Die Theologin Anna L\u00f6w, freie Mitarbeiterin der Landeszentrale f\u00fcr politische Bildung Baden-W\u00fcrttemberg, erh\u00e4lt den mit 1.000 Euro dotierten Hanna-Jursch-Nachwuchs-Preis der Evangelischen Kirche in Deutschland (EKD) f\u00fcr ihre an der Theologischen Fakult\u00e4t der Universit\u00e4t G\u00f6ttingen verfasste Hauptseminararbeit \u201eDas Motiv der Sch\u00f6pfung als Geburt durch JHWH. Eine Untersuchung im Anschluss an Psalm 90,2\u201c. In ihrer Arbeit zeigt die Autorin, dass die Gottesbilder in der alttestamentlichen Denktradition \u00fcber die Vorstellung von einer m\u00e4nnlichen Gottheit hinausgehen. Sie arbeitet heraus, dass Psalm 90,2 mit seiner Geburtsmetaphorik weibliche Seiten des biblischen Gottes bezeugt, die in der Rezeptionsgeschichte der Bibel bislang vernachl\u00e4ssigt wurden. Gott handele m\u00e4nnlich und weiblich. Biblische Metaphorik sei hier diverser. \u201eEs ist die Sprache, die Gott zur Vorstellung bringt\u201c, res\u00fcmiert Anna L\u00f6w in ihrem Fazit.<\/p>\n<p>Die Vorsitzende der Hanna Jursch-Jury, Prof. Dr. Ute Gause, erl\u00e4uterte die Entscheidung der Jury: \u201eDie Arbeit von Anna L\u00f6w ist methodisch fundiert und exegetisch wie begrifflich ausgesprochen pr\u00e4zise gearbeitet. Sie erf\u00fcllt in eindrucksvoller Weise die Kriterien des Hanna-Jursch-Nachwuchspreises.\u201c Der Hauptpreis wurde bei dieser Ausschreibung nicht vergeben.<\/p>\n<p>Mit dem Hanna-Jursch-Preis zeichnet der Rat der EKD alle zwei Jahre herausragende wissenschaftlich-theologische Arbeiten aus, in denen gender- bzw. geschlechterspezifische Perspektiven eine wesentliche Rolle spielen. Das Themenfeld der 11. Ausschreibung lautete: \u201eGeschlecht in der Krise \u2013 Krisen des Geschlechts\u201c.<\/p>\n<p>Benannt ist der Preis nach der Jenaer Kirchenhistorikerin Hanna Jursch (1902-1972), die sich 1934 als erste Frau an einer deutschen Theologischen Fakult\u00e4t habilitierte.<\/p>\n<p>Hannover, 28.6.2022<\/p>\n<p class=\"EKDFlietext\" style=\"margin-bottom:0cm; margin-left:0cm; margin-right:7.05pt; margin-top:0cm\">Pressestelle der EKD<\/p>\n<\/div>\n","protected":false},"excerpt":{"rendered":"<p>Die Theologin Anna L\u00f6w, freie Mitarbeiterin der Landeszentrale f\u00fcr politische Bildung Baden-W\u00fcrttemberg, erh\u00e4lt den mit 1.000 Euro dotierten Hanna-Jursch-Nachwuchs-Preis der<\/p>\n","protected":false},"author":1,"featured_media":677,"comment_status":"closed","ping_status":"closed","sticky":false,"template":"","format":"standard","meta":{"footnotes":""},"categories":[20],"tags":[],"_links":{"self":[{"href":"https:\/\/krankenhauspfarramt.de\/index.php\/wp-json\/wp\/v2\/posts\/4543"}],"collection":[{"href":"https:\/\/krankenhauspfarramt.de\/index.php\/wp-json\/wp\/v2\/posts"}],"about":[{"href":"https:\/\/krankenhauspfarramt.de\/index.php\/wp-json\/wp\/v2\/types\/post"}],"author":[{"embeddable":true,"href":"https:\/\/krankenhauspfarramt.de\/index.php\/wp-json\/wp\/v2\/users\/1"}],"replies":[{"embeddable":true,"href":"https:\/\/krankenhauspfarramt.de\/index.php\/wp-json\/wp\/v2\/comments?post=4543"}],"version-history":[{"count":1,"href":"https:\/\/krankenhauspfarramt.de\/index.php\/wp-json\/wp\/v2\/posts\/4543\/revisions"}],"predecessor-version":[{"id":4544,"href":"https:\/\/krankenhauspfarramt.de\/index.php\/wp-json\/wp\/v2\/posts\/4543\/revisions\/4544"}],"wp:featuredmedia":[{"embeddable":true,"href":"https:\/\/krankenhauspfarramt.de\/index.php\/wp-json\/wp\/v2\/media\/677"}],"wp:attachment":[{"href":"https:\/\/krankenhauspfarramt.de\/index.php\/wp-json\/wp\/v2\/media?parent=4543"}],"wp:term":[{"taxonomy":"category","embeddable":true,"href":"https:\/\/krankenhauspfarramt.de\/index.php\/wp-json\/wp\/v2\/categories?post=4543"},{"taxonomy":"post_tag","embeddable":true,"href":"https:\/\/krankenhauspfarramt.de\/index.php\/wp-json\/wp\/v2\/tags?post=4543"}],"curies":[{"name":"wp","href":"https:\/\/api.w.org\/{rel}","templated":true}]}}