{"id":4577,"date":"2022-06-30T18:28:06","date_gmt":"2022-06-30T18:28:06","guid":{"rendered":"https:\/\/krankenhauspfarramt.de\/index.php\/2022\/06\/30\/christen-engagieren-sich-haeufiger-freiwillig-in-der-gesellschaft-ekd\/"},"modified":"2022-06-30T18:28:08","modified_gmt":"2022-06-30T18:28:08","slug":"christen-engagieren-sich-haeufiger-freiwillig-in-der-gesellschaft-ekd","status":"publish","type":"post","link":"https:\/\/krankenhauspfarramt.de\/index.php\/2022\/06\/30\/christen-engagieren-sich-haeufiger-freiwillig-in-der-gesellschaft-ekd\/","title":{"rendered":"Christen engagieren sich h\u00e4ufiger freiwillig in der Gesellschaft \u2013 EKD"},"content":{"rendered":"<p> <br \/>\n<\/p>\n<div>\n<p>Bei den Mitgliedern der verschiedenen Religionsgemeinschaften gebe es weiterhin gro\u00dfe Engagement-Unterschiede, pr\u00e4zisierte die Autorin der Studie, Maria Sinnemann. Katholische (45 Prozent), evangelische (46 Prozent) und evangelisch-freikirchliche Befragte (58 Prozent) seien \u00fcberdurchschnittlich h\u00e4ufig freiwillig t\u00e4tig. Der Anteil bei Muslimen und Christlich-orthodoxen liege dagegen nur bei 22 Prozent beziehungsweise 23 Prozent. In der Gruppe, die angibt, keiner Religionsgemeinschaft anzugeh\u00f6ren, engagiert sich rund ein Drittel (34 Prozent).<\/p>\n<p>Am h\u00e4ufigsten bezieht sich das freiwillige Engagement in Deutschland auf die Bereiche \u201eSport und Bewegung\u201c (13,5 Prozent), gefolgt von \u201eKultur und Musik\u201c (8,6 Prozent) und dem \u201eSozialen Bereich\u201c (8,3 Prozent). Bei der vom Bundesministerium f\u00fcr Familie, Senioren, Frauen und Jugend in Auftrag gegebenen Erhebung werden seit 1999 in f\u00fcnfj\u00e4hrigem Abstand repr\u00e4sentativ Menschen in Deutschland ab 14 Jahren zu ihrem Engagement befragt.<\/p>\n<\/p><\/div>\n","protected":false},"excerpt":{"rendered":"<p>Bei den Mitgliedern der verschiedenen Religionsgemeinschaften gebe es weiterhin gro\u00dfe Engagement-Unterschiede, pr\u00e4zisierte die Autorin der Studie, Maria Sinnemann. Katholische (45<\/p>\n","protected":false},"author":1,"featured_media":4578,"comment_status":"closed","ping_status":"closed","sticky":false,"template":"","format":"standard","meta":{"footnotes":""},"categories":[20],"tags":[],"_links":{"self":[{"href":"https:\/\/krankenhauspfarramt.de\/index.php\/wp-json\/wp\/v2\/posts\/4577"}],"collection":[{"href":"https:\/\/krankenhauspfarramt.de\/index.php\/wp-json\/wp\/v2\/posts"}],"about":[{"href":"https:\/\/krankenhauspfarramt.de\/index.php\/wp-json\/wp\/v2\/types\/post"}],"author":[{"embeddable":true,"href":"https:\/\/krankenhauspfarramt.de\/index.php\/wp-json\/wp\/v2\/users\/1"}],"replies":[{"embeddable":true,"href":"https:\/\/krankenhauspfarramt.de\/index.php\/wp-json\/wp\/v2\/comments?post=4577"}],"version-history":[{"count":1,"href":"https:\/\/krankenhauspfarramt.de\/index.php\/wp-json\/wp\/v2\/posts\/4577\/revisions"}],"predecessor-version":[{"id":4579,"href":"https:\/\/krankenhauspfarramt.de\/index.php\/wp-json\/wp\/v2\/posts\/4577\/revisions\/4579"}],"wp:featuredmedia":[{"embeddable":true,"href":"https:\/\/krankenhauspfarramt.de\/index.php\/wp-json\/wp\/v2\/media\/4578"}],"wp:attachment":[{"href":"https:\/\/krankenhauspfarramt.de\/index.php\/wp-json\/wp\/v2\/media?parent=4577"}],"wp:term":[{"taxonomy":"category","embeddable":true,"href":"https:\/\/krankenhauspfarramt.de\/index.php\/wp-json\/wp\/v2\/categories?post=4577"},{"taxonomy":"post_tag","embeddable":true,"href":"https:\/\/krankenhauspfarramt.de\/index.php\/wp-json\/wp\/v2\/tags?post=4577"}],"curies":[{"name":"wp","href":"https:\/\/api.w.org\/{rel}","templated":true}]}}