{"id":4586,"date":"2022-07-01T15:30:20","date_gmt":"2022-07-01T15:30:20","guid":{"rendered":"https:\/\/krankenhauspfarramt.de\/index.php\/2022\/07\/01\/gesetzentwurf-chancen-aufenthaltsrecht-ekd\/"},"modified":"2022-07-01T15:30:21","modified_gmt":"2022-07-01T15:30:21","slug":"gesetzentwurf-chancen-aufenthaltsrecht-ekd","status":"publish","type":"post","link":"https:\/\/krankenhauspfarramt.de\/index.php\/2022\/07\/01\/gesetzentwurf-chancen-aufenthaltsrecht-ekd\/","title":{"rendered":"Gesetzentwurf Chancen-Aufenthaltsrecht \u2013 EKD"},"content":{"rendered":"<p> <br \/>\n<\/p>\n<div id=\"\">\n<div class=\"article--meta article--meta__border clearfix\">\n<p>                                    <time datetime=\"01.07.2022 10:00\" class=\"article--time\">01.07.2022<\/time><\/p>\n<p>                                     <strong class=\"article--type primus--overline\">Pressemitteilung<\/strong><\/p>\n<picture class=\"article--source-image image\"><source srcset=\"https:\/\/www.ekd.de\/ekd_de\/ds_img\/assets\/20170622_ekd-Quellenlogo_141_rdax_423x118.png\"><!--<source srcset=\"\/ekd_de\/ds_img\/assets\/20170622_ekd-Quellenlogo_141_rdax_141x39.png 1x, \/ekd_de\/ds_img\/assets\/20170622_ekd-Quellenlogo_141_rdax_282x78.png 2x, https:\/\/www.ekd.de\/ekd_de\/ds_img\/assets\/20170622_ekd-Quellenlogo_141_rdax_423x118.png 3x\">--><\/p>\n<p>    <\/source><\/picture>\n<\/p><\/div>\n<h2 class=\"article--sub-headline primus--sub-headline\">Kirchen kritisieren unzureichende Regelungen zur Familienzusammenf\u00fchrung<\/h2>\n<\/p><\/div>\n<div id=\"\">\n<p class=\"EKDAdresse\">Die Vorschl\u00e4ge zum Familiennachzug im Rahmen des geplanten Chancen-Aufenthaltsrechts bleiben hinter den Erwartungen der beiden gro\u00dfen Kirchen zur\u00fcck. Zwar sei der Entwurf ein \u201ewichtiges Signal, um langj\u00e4hrig Geduldeten eine Perspektive zu geben\u201c, sagt der Leiter des Kommissariats der Deutschen Bisch\u00f6fe \u2013 Katholisches B\u00fcro in Berlin, Pr\u00e4lat Dr. Karl J\u00fcsten, anl\u00e4sslich der anstehenden Beratungen des Gesetzes im Bundeskabinett. \u201eDas ist eine gute Nachricht f\u00fcr viele, die sich bislang von Duldung zu Duldung hangeln m\u00fcssen.\u201c Im Blick auf die Familienzusammenf\u00fchrung sei die Entt\u00e4uschung der Kirchen allerdings gro\u00df.<\/p>\n<p class=\"EKDAdresse\">Der Entwurf sieht vor, dass bei nachziehenden Kindern und Ehegatten von Fachkr\u00e4ften und IT-Spezialisten auf den Nachweis einfacher Deutschkenntnisse zun\u00e4chst verzichtet werden soll. \u201eKinder und Ehegatten von Personen mit humanit\u00e4rem Aufenthaltsrecht m\u00fcssen diese hohe H\u00fcrde jedoch weiterhin nehmen\u201c, kritisiert der Stellvertreter des Bevollm\u00e4chtigten des Rates der Evangelischen Kirche in Deutschland (EKD), Oberkirchenrat Dr. Stephan Iro. \u201eEs ist zwar sehr zu begr\u00fc\u00dfen, dass im Gesetzesentwurf beim Nachzug zu Fachkr\u00e4ften und IT-Spezialisten Erleichterungen zu finden sind. Die Differenzierung zwischen Familienangeh\u00f6rigen von Fachkr\u00e4ften und anderen Zuwanderern \u2013 wie zum Beispiel Fl\u00fcchtlingen \u2013 ist aber nicht nachvollziehbar.\u201c<\/p>\n<p class=\"EKDAdresse\">Gerade f\u00fcr Angeh\u00f6rige von Schutzberechtigten in Krisenl\u00e4ndern, wie beispielsweise Afghanistan oder Syrien, sei es kaum m\u00f6glich, auch nur einfache Deutschkenntnisse zu erlernen, betont Pr\u00e4lat J\u00fcsten. Es mangele in diesen L\u00e4ndern schlicht an M\u00f6glichkeiten zum Spracherwerb. \u201eEs verz\u00f6gert den Familiennachzug erheblich, wenn in jedem einzelnen Fall umst\u00e4ndlich nachgewiesen werden muss, dass es unm\u00f6glich und unzumutbar ist, Deutsch zu lernen.\u201c Die Kirchen halten es f\u00fcr grunds\u00e4tzlich ausreichend, wenn die Bereitschaft, die deutsche Sprache zu erlernen, bei der Einreise erkl\u00e4rt wird. \u201eWir setzen uns seit Jahrzehnten daf\u00fcr ein, die Familie auch von Schutzsuchenden als lebenswichtige Einheit zu bewahren oder wiederherzustellen. Daher ist es uns ein Kernanliegen, dass der Familiennachzug beschleunigt wird\u201c, so Oberkirchenrat Stephan Iro.<\/p>\n<p class=\"EKDAdresse\"><em>Hintergrund<\/em><\/p>\n<p class=\"EKDAdresse\">In dem Gesetzesentwurf, der der Bundesregierung derzeit zur Beratung vorliegt, wird ein befristetes, einj\u00e4hriges \u201eChancen-Aufenthaltsrecht\u201c (\u00a7\u00a0104\u00a0c\u00a0AufenthG) f\u00fcr lange in Deutschland Geduldete vorgeschlagen. Dadurch sollen Geduldete die M\u00f6glichkeit erhalten, die Voraussetzungen f\u00fcr einen l\u00e4ngerfristigen Aufenthaltstitel zu schaffen. Hinzu kommen Vereinfachungen bei den Bleiberechten f\u00fcr gute Integrierte und gut integrierte junge Erwachsene (\u00a7\u00a7\u00a025\u00a0a+b\u00a0AufenthG). Dar\u00fcber hinaus werden Regeln im Bereich der Abschiebehaft versch\u00e4rft.<\/p>\n<p class=\"EKDAdresse\">Die beiden Kirchen haben zu dem Referentenentwurf, der voraussichtlich am 6. Juli 2022 im Bundeskabinett beraten werden soll, Stellung bezogen: https:\/\/www.ekd.de\/gemeinsame-stellungnahme-ChAR-Gesetz-73866.htm.<\/p>\n<p class=\"EKDAdresse\"><span style=\"line-height:14pt\">Hannover, 1. Juli 2022<\/span><\/p>\n<p class=\"EKDFlietext\"><span style=\"line-height:14pt\">Pressestelle der EKD<\/span><br \/><span style=\"line-height:14pt\">Carsten Splitt<\/span><\/p>\n<\/div>\n","protected":false},"excerpt":{"rendered":"<p>01.07.2022 Pressemitteilung Kirchen kritisieren unzureichende Regelungen zur Familienzusammenf\u00fchrung Die Vorschl\u00e4ge zum Familiennachzug im Rahmen des geplanten Chancen-Aufenthaltsrechts bleiben hinter den<\/p>\n","protected":false},"author":1,"featured_media":569,"comment_status":"closed","ping_status":"closed","sticky":false,"template":"","format":"standard","meta":{"footnotes":""},"categories":[20],"tags":[],"_links":{"self":[{"href":"https:\/\/krankenhauspfarramt.de\/index.php\/wp-json\/wp\/v2\/posts\/4586"}],"collection":[{"href":"https:\/\/krankenhauspfarramt.de\/index.php\/wp-json\/wp\/v2\/posts"}],"about":[{"href":"https:\/\/krankenhauspfarramt.de\/index.php\/wp-json\/wp\/v2\/types\/post"}],"author":[{"embeddable":true,"href":"https:\/\/krankenhauspfarramt.de\/index.php\/wp-json\/wp\/v2\/users\/1"}],"replies":[{"embeddable":true,"href":"https:\/\/krankenhauspfarramt.de\/index.php\/wp-json\/wp\/v2\/comments?post=4586"}],"version-history":[{"count":1,"href":"https:\/\/krankenhauspfarramt.de\/index.php\/wp-json\/wp\/v2\/posts\/4586\/revisions"}],"predecessor-version":[{"id":4587,"href":"https:\/\/krankenhauspfarramt.de\/index.php\/wp-json\/wp\/v2\/posts\/4586\/revisions\/4587"}],"wp:featuredmedia":[{"embeddable":true,"href":"https:\/\/krankenhauspfarramt.de\/index.php\/wp-json\/wp\/v2\/media\/569"}],"wp:attachment":[{"href":"https:\/\/krankenhauspfarramt.de\/index.php\/wp-json\/wp\/v2\/media?parent=4586"}],"wp:term":[{"taxonomy":"category","embeddable":true,"href":"https:\/\/krankenhauspfarramt.de\/index.php\/wp-json\/wp\/v2\/categories?post=4586"},{"taxonomy":"post_tag","embeddable":true,"href":"https:\/\/krankenhauspfarramt.de\/index.php\/wp-json\/wp\/v2\/tags?post=4586"}],"curies":[{"name":"wp","href":"https:\/\/api.w.org\/{rel}","templated":true}]}}