{"id":4591,"date":"2022-07-01T21:23:14","date_gmt":"2022-07-01T21:23:14","guid":{"rendered":"https:\/\/krankenhauspfarramt.de\/index.php\/2022\/07\/01\/kirchen-halten-faesers-plaene-fuer-familiennachzug-fuer-unzureichend-ekd\/"},"modified":"2022-07-01T21:23:15","modified_gmt":"2022-07-01T21:23:15","slug":"kirchen-halten-faesers-plaene-fuer-familiennachzug-fuer-unzureichend-ekd","status":"publish","type":"post","link":"https:\/\/krankenhauspfarramt.de\/index.php\/2022\/07\/01\/kirchen-halten-faesers-plaene-fuer-familiennachzug-fuer-unzureichend-ekd\/","title":{"rendered":"Kirchen halten Faesers Pl\u00e4ne f\u00fcr Familiennachzug f\u00fcr unzureichend \u2013 EKD"},"content":{"rendered":"<p> <br \/>\n<\/p>\n<div>\n<p>Nach Faesers Pl\u00e4nen soll bei der Familienzusammenf\u00fchrung mit in Deutschland t\u00e4tigen Fachkr\u00e4ften aus dem Ausland k\u00fcnftig auf den Nachweis deutscher Sprachkenntnisse verzichtet werden. \u201eKinder und Ehegatten von Personen mit humanit\u00e4rem Aufenthaltsrecht m\u00fcssen diese hohe H\u00fcrde jedoch weiterhin nehmen\u201c, sagte der Stellvertreter des EKD-Bevollm\u00e4chtigten in Berlin, Stephan Iro. Die Differenzierung zwischen IT-Spezialisten und Fl\u00fcchtlingen sei nicht nachvollziehbar. Zudem sei es gerade f\u00fcr Angeh\u00f6rige von Schutzberechtigten in Krisenl\u00e4ndern wie Afghanistan oder Syrien kaum m\u00f6glich, auch nur einfache Deutschkenntnisse zu erlernen, betonte der Leiter des Katholischen B\u00fcros in Berlin, Karl J\u00fcsten.<\/p>\n<p>Begr\u00fcndet werden die Erleichterungen beim Familiennachzug f\u00fcr Fachkr\u00e4fte im Entwurf des Innenministeriums, der dem Evangelischen Pressedienst (epd) vorliegt, mit einer attraktiven Gestaltung der Einwanderung von Spezialisten. Das Versprechen der Koalition von SPD, Gr\u00fcnen und FDP f\u00fcr allgemeine Erleichterungen bei der Familienzusammenf\u00fchrung wird im aktuellen Entwurf noch nicht umgesetzt.<\/p>\n<p>Zentral geht es bei den Gesetzespl\u00e4nen um das sogenannte Chancen-Bleiberecht, das bis zu 100.000 Geduldeten einen sichereren Aufenthaltsstatus erm\u00f6glichen w\u00fcrde. Ausl\u00e4nder, die am 1. Januar 2022 bereits seit f\u00fcnf Jahren in Deutschland lebten und nur geduldet sind, sollen f\u00fcr ein Jahr einen Aufenthaltsstatus erhalten, um in der Zeit m\u00f6glichst die Voraussetzungen f\u00fcr ein dauerhaftes Bleiberecht zu erf\u00fcllen. Zudem plant die Koalition, die H\u00fcrden f\u00fcr das dauerhafte Bleiberecht abzusenken. Dies wird von den Kirchen begr\u00fc\u00dft. \u00dcber die Pl\u00e4ne soll in der kommenden Woche das Bundeskabinett beraten.<\/p>\n<\/p><\/div>\n","protected":false},"excerpt":{"rendered":"<p>Nach Faesers Pl\u00e4nen soll bei der Familienzusammenf\u00fchrung mit in Deutschland t\u00e4tigen Fachkr\u00e4ften aus dem Ausland k\u00fcnftig auf den Nachweis deutscher<\/p>\n","protected":false},"author":1,"featured_media":4592,"comment_status":"closed","ping_status":"closed","sticky":false,"template":"","format":"standard","meta":{"footnotes":""},"categories":[20],"tags":[],"_links":{"self":[{"href":"https:\/\/krankenhauspfarramt.de\/index.php\/wp-json\/wp\/v2\/posts\/4591"}],"collection":[{"href":"https:\/\/krankenhauspfarramt.de\/index.php\/wp-json\/wp\/v2\/posts"}],"about":[{"href":"https:\/\/krankenhauspfarramt.de\/index.php\/wp-json\/wp\/v2\/types\/post"}],"author":[{"embeddable":true,"href":"https:\/\/krankenhauspfarramt.de\/index.php\/wp-json\/wp\/v2\/users\/1"}],"replies":[{"embeddable":true,"href":"https:\/\/krankenhauspfarramt.de\/index.php\/wp-json\/wp\/v2\/comments?post=4591"}],"version-history":[{"count":1,"href":"https:\/\/krankenhauspfarramt.de\/index.php\/wp-json\/wp\/v2\/posts\/4591\/revisions"}],"predecessor-version":[{"id":4593,"href":"https:\/\/krankenhauspfarramt.de\/index.php\/wp-json\/wp\/v2\/posts\/4591\/revisions\/4593"}],"wp:featuredmedia":[{"embeddable":true,"href":"https:\/\/krankenhauspfarramt.de\/index.php\/wp-json\/wp\/v2\/media\/4592"}],"wp:attachment":[{"href":"https:\/\/krankenhauspfarramt.de\/index.php\/wp-json\/wp\/v2\/media?parent=4591"}],"wp:term":[{"taxonomy":"category","embeddable":true,"href":"https:\/\/krankenhauspfarramt.de\/index.php\/wp-json\/wp\/v2\/categories?post=4591"},{"taxonomy":"post_tag","embeddable":true,"href":"https:\/\/krankenhauspfarramt.de\/index.php\/wp-json\/wp\/v2\/tags?post=4591"}],"curies":[{"name":"wp","href":"https:\/\/api.w.org\/{rel}","templated":true}]}}