{"id":460,"date":"2020-03-22T19:03:37","date_gmt":"2020-03-22T19:03:37","guid":{"rendered":"https:\/\/krankenhauspfarramt.de\/?p=460"},"modified":"2020-03-22T19:50:12","modified_gmt":"2020-03-22T19:50:12","slug":"landeskirche-empfiehlt-gemeinden-gottesdienstabsage","status":"publish","type":"post","link":"https:\/\/krankenhauspfarramt.de\/index.php\/2020\/03\/22\/landeskirche-empfiehlt-gemeinden-gottesdienstabsage\/","title":{"rendered":"Landeskirche empfiehlt Gemeinden Gottesdienstabsage"},"content":{"rendered":"<p>[vc_row][vc_column][vc_column_text text_larger=&#8220;no&#8220;]<\/p>\n<div id=\"c22494\">\n<header>\n<h3 class=\"b_is-headline\">Landeskirche empfiehlt Gemeinden Gottesdienstabsage<\/h3>\n<\/header>\n<p class=\"Default\">Stuttgart. Die Evangelische Landeskirche in W\u00fcrttemberg empfiehlt ihren Gemeinden angesichts der dynamischen Entwicklung und zunehmender Veranstaltungsverbote in Kommunen und Landkreisen aufgrund der Corona-Krise dringend, ab sofort und bis auf weiteres auf Gottesdienste zu verzichten. Dieser Schritt falle ausgesprochen schwer, so Landesbischof Dr. h. c. Frank Otfried July, soll aber etwas von der Verantwortung von Christen in der Gesellschaft ausdr\u00fccken. \u201eWir haben Pfarrerinnen und Pfarrer gebeten, zur \u00fcblichen Gottesdienstzeit vor Ort zu sein, die Glocken sollen l\u00e4uten und aktuelle Predigten und Andachten zum Mitnehmen zur Verf\u00fcgung gestellt werden.\u201c Eine landeskirchenweite Anordnung kann die Landeskirche aufgrund der Selbst\u00e4ndigkeit der Gemeinden gegenw\u00e4rtig nicht verf\u00fcgen.<\/p>\n<p class=\"Default\">Zu den abzusagenden Gottesdiensten geh\u00f6ren auch alle Kasualgottesdienste wie Taufen und Trauungen mit Ausnahme von Beerdigungen.<\/p>\n<p class=\"Standard-TextDNKLWB\">Sollten einzelne Gemeinden dennoch die Feier von Gottesdiensten nach den Gegebenheiten vor Ort f\u00fcr verantwortbar halten, so sollen diese nur noch bis zum morgigen Sonntag Okuli und nur mit Einschr\u00e4nkungen stattfinden. Voraussetzung daf\u00fcr seien etwa, so die Kirchenleitung, dass kein ortspolizeiliches Verbot vorliegt und die Gr\u00f6\u00dfe des Raumes einen Abstand von mindestens anderthalb Metern zwischen den Gottesdienstbesuchern zul\u00e4sst. Zur Einhaltung der Vorgaben des Landes d\u00fcrfen nur 90 Gottesdienstbesucher eingelassen werden.<\/p>\n<p class=\"Standard-TextDNKLWB\">Landesbischof July: \u201eIn dieser Situation bedeutet verantwortliches Handeln f\u00fcr uns als Kirchenleitung, den Empfehlungen zu folgen und beizutragen, die Infektionsketten zu unterbrechen. Es gilt dabei, den Schwachen in der Gesellschaft ein Zeichen der N\u00e4chstenliebe zu geben. F\u00fcr andere zu sorgen ist ein Grundauftrag der Christen. Auch wenn wir keine \u00f6ffentlichen Gottesdienste feiern, ist F\u00fcrbitte und Hilfe f\u00fcr andere, in der Gemeinde und Nachbarschaft unser Auftrag. Dabei wissen wir uns von Gott getragen und setzen unser Vertrauen auf ihn.\u201c<\/p>\n<p>Oliver Hoesch<br \/>\nSprecher der Landeskirche<\/p>\n<\/div>\n<p>[\/vc_column_text][\/vc_column][\/vc_row]<\/p>\n","protected":false},"excerpt":{"rendered":"<p>[vc_row][vc_column][vc_column_text text_larger=&#8220;no&#8220;] Landeskirche empfiehlt Gemeinden Gottesdienstabsage Stuttgart. Die Evangelische Landeskirche in W\u00fcrttemberg empfiehlt ihren Gemeinden angesichts der dynamischen Entwicklung und<\/p>\n","protected":false},"author":1,"featured_media":0,"comment_status":"closed","ping_status":"closed","sticky":false,"template":"","format":"standard","meta":{"footnotes":""},"categories":[21],"tags":[],"_links":{"self":[{"href":"https:\/\/krankenhauspfarramt.de\/index.php\/wp-json\/wp\/v2\/posts\/460"}],"collection":[{"href":"https:\/\/krankenhauspfarramt.de\/index.php\/wp-json\/wp\/v2\/posts"}],"about":[{"href":"https:\/\/krankenhauspfarramt.de\/index.php\/wp-json\/wp\/v2\/types\/post"}],"author":[{"embeddable":true,"href":"https:\/\/krankenhauspfarramt.de\/index.php\/wp-json\/wp\/v2\/users\/1"}],"replies":[{"embeddable":true,"href":"https:\/\/krankenhauspfarramt.de\/index.php\/wp-json\/wp\/v2\/comments?post=460"}],"version-history":[{"count":1,"href":"https:\/\/krankenhauspfarramt.de\/index.php\/wp-json\/wp\/v2\/posts\/460\/revisions"}],"predecessor-version":[{"id":477,"href":"https:\/\/krankenhauspfarramt.de\/index.php\/wp-json\/wp\/v2\/posts\/460\/revisions\/477"}],"wp:attachment":[{"href":"https:\/\/krankenhauspfarramt.de\/index.php\/wp-json\/wp\/v2\/media?parent=460"}],"wp:term":[{"taxonomy":"category","embeddable":true,"href":"https:\/\/krankenhauspfarramt.de\/index.php\/wp-json\/wp\/v2\/categories?post=460"},{"taxonomy":"post_tag","embeddable":true,"href":"https:\/\/krankenhauspfarramt.de\/index.php\/wp-json\/wp\/v2\/tags?post=460"}],"curies":[{"name":"wp","href":"https:\/\/api.w.org\/{rel}","templated":true}]}}