{"id":461,"date":"2020-03-22T19:01:52","date_gmt":"2020-03-22T19:01:52","guid":{"rendered":"https:\/\/krankenhauspfarramt.de\/?p=461"},"modified":"2020-03-22T19:02:13","modified_gmt":"2020-03-22T19:02:13","slug":"ev-landeskirche-in-wuerttemberg-27-02-2020-schutz-vor-corona-virus-abendmahl-vermehrt-mit-einzelkelchen","status":"publish","type":"post","link":"https:\/\/krankenhauspfarramt.de\/index.php\/2020\/03\/22\/ev-landeskirche-in-wuerttemberg-27-02-2020-schutz-vor-corona-virus-abendmahl-vermehrt-mit-einzelkelchen\/","title":{"rendered":"Schutz vor Corona-Virus: Abendmahl vermehrt mit Einzelkelchen"},"content":{"rendered":"<p>[vc_row][vc_column][vc_column_text text_larger=&#8220;no&#8220;]<\/p>\n<div id=\"c22198\">\n<header>\n<h2>Die Evangelische Landeskirche in W\u00fcrttemberg gibt Empfehlungen an ihre Pfarrerschaft heraus<\/h2>\n<\/header>\n<p class=\"Standard-TextDNKLWB\">Stuttgart. Angesichts einer steigenden Zahl von Corona-Infektionen r\u00e4t die Evangelische Landeskirche in W\u00fcrttemberg ihrer Pfarrer- und Dekaneschaft zu vorbeugenden Ma\u00dfnahmen. In einem Rundschreiben, das in den kommenden Tagen versendet werden soll, legt sie den Verantwortlichen in den Gemeinden unter anderem nahe, das Heilige Abendmahl vermehrt mit Einzelkelchen zu feiern. \u201eEs kann auch ermutigt werden, nur das Brot zu nehmen oder im Gebet mitzufeiern. Denn f\u00fcr die lutherische Theologie wird die Gnade immer ganz empfangen\u201c, hei\u00dft es in dem Schreiben. Auch wird dazu geraten, auf den H\u00e4ndedruck zum liturgischen Friedengru\u00df in diesen Tagen besser zu verzichten.<\/p>\n<p class=\"Standard-TextDNKLWB\">Achtsamkeit ist nicht nur im Gottesdienst ratsam, sondern auch bei Festen und anderen Gemeinde-Veranstaltungen. So lautet eine weitere Empfehlung, bei der Zubereitung und Darbietung von Speisen auf besonders gute Hygiene zu achten und beim gr\u00fcndlichen H\u00e4ndewaschen gegebenenfalls auch alkoholische Desinfektionsmittel zu verwenden.<\/p>\n<p class=\"Standard-TextDNKLWB\">\u00dcberdies verweist die Landeskirche auf Empfehlungen des Landesgesundheitsamtes Baden-W\u00fcrttemberg und des Robert-Koch-Instituts, mit denen die Verbreitung des Virus\u2018 verhindert oder zumindest verlangsamt werden soll. Das Virus, das wie eine Grippe durch Tr\u00f6pfcheninfektion \u00fcbertragen wird, werde in der Landeskirche sehr ernst genommen, hei\u00dft es aus dem Evangelischen Oberkirchenrat in Stuttgart. Man werde sich in den kommenden Tagen und Wochen aufs Engste mit den Gesundheits\u00e4mtern abstimmen.<\/p>\n<p class=\"Standard-TextDNKLWB\">Mit freundlichen Gr\u00fc\u00dfen<\/p>\n<p>Oliver Hoesch<br \/>\nSprecher der Landeskirche<\/p>\n<\/div>\n<p>[\/vc_column_text][\/vc_column][\/vc_row]<\/p>\n","protected":false},"excerpt":{"rendered":"<p>[vc_row][vc_column][vc_column_text text_larger=&#8220;no&#8220;] Die Evangelische Landeskirche in W\u00fcrttemberg gibt Empfehlungen an ihre Pfarrerschaft heraus Stuttgart. Angesichts einer steigenden Zahl von Corona-Infektionen<\/p>\n","protected":false},"author":1,"featured_media":0,"comment_status":"closed","ping_status":"closed","sticky":false,"template":"","format":"standard","meta":{"footnotes":""},"categories":[21],"tags":[],"_links":{"self":[{"href":"https:\/\/krankenhauspfarramt.de\/index.php\/wp-json\/wp\/v2\/posts\/461"}],"collection":[{"href":"https:\/\/krankenhauspfarramt.de\/index.php\/wp-json\/wp\/v2\/posts"}],"about":[{"href":"https:\/\/krankenhauspfarramt.de\/index.php\/wp-json\/wp\/v2\/types\/post"}],"author":[{"embeddable":true,"href":"https:\/\/krankenhauspfarramt.de\/index.php\/wp-json\/wp\/v2\/users\/1"}],"replies":[{"embeddable":true,"href":"https:\/\/krankenhauspfarramt.de\/index.php\/wp-json\/wp\/v2\/comments?post=461"}],"version-history":[{"count":2,"href":"https:\/\/krankenhauspfarramt.de\/index.php\/wp-json\/wp\/v2\/posts\/461\/revisions"}],"predecessor-version":[{"id":476,"href":"https:\/\/krankenhauspfarramt.de\/index.php\/wp-json\/wp\/v2\/posts\/461\/revisions\/476"}],"wp:attachment":[{"href":"https:\/\/krankenhauspfarramt.de\/index.php\/wp-json\/wp\/v2\/media?parent=461"}],"wp:term":[{"taxonomy":"category","embeddable":true,"href":"https:\/\/krankenhauspfarramt.de\/index.php\/wp-json\/wp\/v2\/categories?post=461"},{"taxonomy":"post_tag","embeddable":true,"href":"https:\/\/krankenhauspfarramt.de\/index.php\/wp-json\/wp\/v2\/tags?post=461"}],"curies":[{"name":"wp","href":"https:\/\/api.w.org\/{rel}","templated":true}]}}