{"id":462,"date":"2020-03-22T19:01:23","date_gmt":"2020-03-22T19:01:23","guid":{"rendered":"https:\/\/krankenhauspfarramt.de\/?p=462"},"modified":"2020-03-22T19:02:01","modified_gmt":"2020-03-22T19:02:01","slug":"26-02-2020-tuer-fuer-eine-geschaeftsmaessige-sterbehilfe-weiter-geoeffnet","status":"publish","type":"post","link":"https:\/\/krankenhauspfarramt.de\/index.php\/2020\/03\/22\/26-02-2020-tuer-fuer-eine-geschaeftsmaessige-sterbehilfe-weiter-geoeffnet\/","title":{"rendered":"\u201eT\u00fcr f\u00fcr eine gesch\u00e4ftsm\u00e4\u00dfige Sterbehilfe weiter ge\u00f6ffnet\u201c"},"content":{"rendered":"<p>[vc_row][vc_column][vc_column_text text_larger=&#8220;no&#8220;]<\/p>\n<div id=\"c22257\">\n<header>\n<h3 class=\"b_is-headline\">\u201eT\u00fcr f\u00fcr eine gesch\u00e4ftsm\u00e4\u00dfige Sterbehilfe weiter ge\u00f6ffnet\u201c<\/h3>\n<h4>Bischofszitat zum Sterbehilfe-Urteil<\/h4>\n<\/header>\n<p>Zur heutigen Entscheidung des Bundesverfassungsgerichts \u00fcber gewerbsm\u00e4\u00dfige Sterbehilfe \u00e4u\u00dfert sich der <strong>Landesbischof der Evangelischen Landeskirche in W\u00fcrttemberg, Dr. h. c. Frank Otfried July<\/strong>, wie folgt:<\/p>\n<p>\u201eIch bedauere es, dass das Bundesverfassungsgericht die T\u00fcr f\u00fcr eine gesch\u00e4ftsm\u00e4\u00dfige Sterbehilfe weiter ge\u00f6ffnet hat. Wichtig ist es nun, das Urteil gewissenhaft umzusetzen. Wir verstehen Sterbebegleitung als Lebenshilfe. Deshalb engagieren wir uns schon seit langem mit dem Diakonischen Werk in Hospizen und palliativmedizinischer Betreuung. Angesichts des Urteils sehe ich die Notwendigkeit, unsere Beratungs- und Betreuungsarbeit zu erweitern und zu vertiefen. Wir wollen Patienten und Angeh\u00f6rige noch besser \u00fcber die M\u00f6glichkeiten der Palliativmedizin informieren.\u201c<\/p>\n<\/div>\n<p>[\/vc_column_text][\/vc_column][\/vc_row]<\/p>\n","protected":false},"excerpt":{"rendered":"<p>[vc_row][vc_column][vc_column_text text_larger=&#8220;no&#8220;] \u201eT\u00fcr f\u00fcr eine gesch\u00e4ftsm\u00e4\u00dfige Sterbehilfe weiter ge\u00f6ffnet\u201c Bischofszitat zum Sterbehilfe-Urteil Zur heutigen Entscheidung des Bundesverfassungsgerichts \u00fcber gewerbsm\u00e4\u00dfige Sterbehilfe<\/p>\n","protected":false},"author":1,"featured_media":0,"comment_status":"closed","ping_status":"closed","sticky":false,"template":"","format":"standard","meta":{"footnotes":""},"categories":[21],"tags":[],"_links":{"self":[{"href":"https:\/\/krankenhauspfarramt.de\/index.php\/wp-json\/wp\/v2\/posts\/462"}],"collection":[{"href":"https:\/\/krankenhauspfarramt.de\/index.php\/wp-json\/wp\/v2\/posts"}],"about":[{"href":"https:\/\/krankenhauspfarramt.de\/index.php\/wp-json\/wp\/v2\/types\/post"}],"author":[{"embeddable":true,"href":"https:\/\/krankenhauspfarramt.de\/index.php\/wp-json\/wp\/v2\/users\/1"}],"replies":[{"embeddable":true,"href":"https:\/\/krankenhauspfarramt.de\/index.php\/wp-json\/wp\/v2\/comments?post=462"}],"version-history":[{"count":2,"href":"https:\/\/krankenhauspfarramt.de\/index.php\/wp-json\/wp\/v2\/posts\/462\/revisions"}],"predecessor-version":[{"id":473,"href":"https:\/\/krankenhauspfarramt.de\/index.php\/wp-json\/wp\/v2\/posts\/462\/revisions\/473"}],"wp:attachment":[{"href":"https:\/\/krankenhauspfarramt.de\/index.php\/wp-json\/wp\/v2\/media?parent=462"}],"wp:term":[{"taxonomy":"category","embeddable":true,"href":"https:\/\/krankenhauspfarramt.de\/index.php\/wp-json\/wp\/v2\/categories?post=462"},{"taxonomy":"post_tag","embeddable":true,"href":"https:\/\/krankenhauspfarramt.de\/index.php\/wp-json\/wp\/v2\/tags?post=462"}],"curies":[{"name":"wp","href":"https:\/\/api.w.org\/{rel}","templated":true}]}}