{"id":463,"date":"2020-03-22T19:01:00","date_gmt":"2020-03-22T19:01:00","guid":{"rendered":"https:\/\/krankenhauspfarramt.de\/?p=463"},"modified":"2020-03-22T19:51:09","modified_gmt":"2020-03-22T19:51:09","slug":"15-02-2020-sabine-foth-neue-praesidentin-der-wuerttembergischen-landessynode","status":"publish","type":"post","link":"https:\/\/krankenhauspfarramt.de\/index.php\/2020\/03\/22\/15-02-2020-sabine-foth-neue-praesidentin-der-wuerttembergischen-landessynode\/","title":{"rendered":"Sabine Foth neue Pr\u00e4sidentin der W\u00fcrttembergischen Landessynode"},"content":{"rendered":"<p>[vc_row][vc_column][vc_column_text text_larger=&#8220;no&#8220;]<\/p>\n<div id=\"c22121\">\n<header>\n<h3 class=\"b_is-headline\">Sabine Foth neue Pr\u00e4sidentin der W\u00fcrttembergischen Landessynode<\/h3>\n<\/header>\n<p class=\"Default\">Stuttgart. Bei ihrer konstituierenden Sitzung haben die Synodalen der W\u00fcrttembergischen Evangelischen Landessynode die Juristin Sabine Foth zur Pr\u00e4sidentin gew\u00e4hlt. Sie erhielt bei der Wahl am Samstagmittag 78 von 87 abgegebenen Stimmen. Die 52-j\u00e4hrige Rechtsanw\u00e4ltin aus Stuttgart ist damit Nachfolgerin von Inge Schneider, die in der 15. Legislaturperiode das w\u00fcrttembergische Kirchenparlament f\u00fchrte.<\/p>\n<p class=\"Default\">Foth ist Mitglied des Gespr\u00e4chskreises \u201eOffene Kirche\u201c &#8211; damit steht erstmals eine Vertreterin dieses Gespr\u00e4chskreises an der Spitze der Synode. Zu ihren Stellvertretern wurden Andrea Bleher (55) vom Gespr\u00e4chskreis \u201eLebendige Gemeinde\u201c sowie Johannes Ei\u00dfler (58) vom Gespr\u00e4chskreis \u201eEvangelium und Kirche\u201c gew\u00e4hlt.<\/p>\n<p class=\"Standard-TextDNKLWB\">Sabine Foth war schon in den vergangenen sechs Jahren Mitglied der Landessynode. Die verheiratete Mutter von vier Kindern ist Expertin f\u00fcr Familien- und Arbeitsrecht. Ehrenamtlich engagiert sie sich unter anderem als stellvertretende Vorsitzende des Gesamtverbandes f\u00fcr Kindergottesdienst in der Evangelischen Kirche in Deutschland (EKD) sowie als stellvertretende Vorsitzende des w\u00fcrttembergischen Landesverbands f\u00fcr Kindergottesdienst. Au\u00dferdem ist sie Kirchengemeinderatsvorsitzende in Stuttgart-Heslach.<\/p>\n<p class=\"Standard-TextDNKLWB\">\u201eIch m\u00f6chte mich daf\u00fcr einsetzen, dass wir kreativ, hoffnungsvoll und offen f\u00fcr alle Menschen in die Zukunft gehen und uns nicht zu sehr auf Zahlen fixieren,\u201c sagte Foth nach ihrer Wahl. Sie nannte Bildung und Bewahrung der Sch\u00f6pfung als genuin kirchliche Themen, die in der neuen Synode verst\u00e4rkt in den Fokus r\u00fccken sollten. F\u00fcr die Arbeit der 16. Landessynode gab sie den Mitsynodalen einen Satz aus dem 2. Timotheus-Brief mit auf den Weg: \u201eDenn Gott hat uns nicht einen Geist der Verzagtheit gegeben, sondern den Geist der Kraft, der Liebe und der Besonnenheit.\u201c<\/p>\n<p class=\"Standard-TextDNKLWB\">Zuvor hatte die baden-w\u00fcrttembergischen Staatsministerin Theresa Schopper (Gr\u00fcne) in ihrem Gru\u00dfwort gesagt, dass sich die Kirchen \u201emit Macht und Leidenschaft\u201c gegen die Spaltung der Gesellschaft einsetzen sollten und das Engagement der Kirchen f\u00fcr ein friedliches Zusammenleben sowie f\u00fcr Alte, Schwache und Kranke von besonderer Bedeutung sei.\u00a0Schopper nannte Kirche ein Vorbild in der Gesellschaft auch f\u00fcr diejenigen, die ihr nicht angeh\u00f6rten. Die Menschen achteten weiterhin auf die Kirchen, auch wenn die Gottesdienste weniger besucht w\u00fcrden. Der neuen Synode w\u00fcnschte sie \u201egutes Gelingen und Gottes Segen\u201c.<\/p>\n<p class=\"Standard-TextDNKLWB\">Die n\u00e4chste Tagung der Landessynode findet vom 2. bis 4. Juli 2020 im Hospitalhof Stuttgart statt.<\/p>\n<p>Oliver Hoesch<br \/>\nSprecher der Landeskirche<\/p>\n<\/div>\n<p>[\/vc_column_text][\/vc_column][\/vc_row]<\/p>\n","protected":false},"excerpt":{"rendered":"<p>[vc_row][vc_column][vc_column_text text_larger=&#8220;no&#8220;] Sabine Foth neue Pr\u00e4sidentin der W\u00fcrttembergischen Landessynode Stuttgart. Bei ihrer konstituierenden Sitzung haben die Synodalen der W\u00fcrttembergischen Evangelischen<\/p>\n","protected":false},"author":1,"featured_media":0,"comment_status":"closed","ping_status":"closed","sticky":false,"template":"","format":"standard","meta":{"footnotes":""},"categories":[21],"tags":[],"_links":{"self":[{"href":"https:\/\/krankenhauspfarramt.de\/index.php\/wp-json\/wp\/v2\/posts\/463"}],"collection":[{"href":"https:\/\/krankenhauspfarramt.de\/index.php\/wp-json\/wp\/v2\/posts"}],"about":[{"href":"https:\/\/krankenhauspfarramt.de\/index.php\/wp-json\/wp\/v2\/types\/post"}],"author":[{"embeddable":true,"href":"https:\/\/krankenhauspfarramt.de\/index.php\/wp-json\/wp\/v2\/users\/1"}],"replies":[{"embeddable":true,"href":"https:\/\/krankenhauspfarramt.de\/index.php\/wp-json\/wp\/v2\/comments?post=463"}],"version-history":[{"count":4,"href":"https:\/\/krankenhauspfarramt.de\/index.php\/wp-json\/wp\/v2\/posts\/463\/revisions"}],"predecessor-version":[{"id":499,"href":"https:\/\/krankenhauspfarramt.de\/index.php\/wp-json\/wp\/v2\/posts\/463\/revisions\/499"}],"wp:attachment":[{"href":"https:\/\/krankenhauspfarramt.de\/index.php\/wp-json\/wp\/v2\/media?parent=463"}],"wp:term":[{"taxonomy":"category","embeddable":true,"href":"https:\/\/krankenhauspfarramt.de\/index.php\/wp-json\/wp\/v2\/categories?post=463"},{"taxonomy":"post_tag","embeddable":true,"href":"https:\/\/krankenhauspfarramt.de\/index.php\/wp-json\/wp\/v2\/tags?post=463"}],"curies":[{"name":"wp","href":"https:\/\/api.w.org\/{rel}","templated":true}]}}