{"id":464,"date":"2020-03-22T19:00:23","date_gmt":"2020-03-22T19:00:23","guid":{"rendered":"https:\/\/krankenhauspfarramt.de\/?p=464"},"modified":"2020-03-22T19:50:55","modified_gmt":"2020-03-22T19:50:55","slug":"wuerttembergische-landessynode-konstituiert-sich","status":"publish","type":"post","link":"https:\/\/krankenhauspfarramt.de\/index.php\/2020\/03\/22\/wuerttembergische-landessynode-konstituiert-sich\/","title":{"rendered":"W\u00fcrttembergische Landessynode konstituiert sich"},"content":{"rendered":"<p>[vc_row][vc_column][vc_column_text text_larger=&#8220;no&#8220;]<\/p>\n<div id=\"c22016\">\n<header>\n<h2>Einladung zur Berichterstattung \/ Pr\u00e4sidium und Ausschussvorsitzende werden gew\u00e4hlt<\/h2>\n<\/header>\n<p>Die 16. W\u00fcrttembergische Evangelische Landessynode kommt am Samstag, 15. Februar, zu ihrer konstituierenden Sitzung im Stuttgarter Hospitalhof zusammen. Beginn der Beratungen ist um 10.30 Uhr. Den Er\u00f6ffnungsgottesdienst mit Landesbischof Dr. h. c. Frank Otfried July feiern die Synodalen ab 9 Uhr in der Stiftskirche.<\/p>\n<p>Wahlen stehen zum Auftakt der neuen Legislaturperiode im Mittelpunkt. Allen voran ist das dreik\u00f6pfige Pr\u00e4sidium zu besetzen. Um das Amt der Pr\u00e4sidentin bewirbt sich Sabine Foth aus Stuttgart (52, Gespr\u00e4chskreis Offene Kirche). Als ihre Stellvertreter nominiert sind Andrea Bleher aus Unterm\u00fcnkheim (55, Lebendige Gemeinde) sowie Johannes Ei\u00dfler aus Eningen unter Achalm (58, Evangelium und Kirche). Alle drei geh\u00f6rten bereits der 15. Landessynode an, Johannes Ei\u00dfler war schon in der vergangenen Legislaturperiode zweiter stellvertretender Pr\u00e4sident.<\/p>\n<p>Au\u00dferdem entscheiden die Synodalen am Samstag \u00fcber die Vorsitzenden der acht Gesch\u00e4ftsaussch\u00fcsse und ihre Stellvertreter.<\/p>\n<p>Dar\u00fcber hinaus liegen den Mitgliedern der Synode mehrere Antr\u00e4ge vor:<\/p>\n<p>Die aktuelle Tagesordnung sowie weitere Informationen finden Sie auf unserer Webseite. Dort wird mit Beginn der Tagung auch wieder unser Video-<strong>Livestream angeboten<\/strong>, der es m\u00f6glich macht, dem Sitzungsverlauf von \u00fcberall aus zu folgen.<\/p>\n<p>Bitte akkreditieren Sie sich bei uns zur Berichterstattung, gerne per E-Mail unter presse@elk-wue.de. Akkreditierte Journalistinnen und Journalisten erhalten Zugang zum internen Pressebereich, in dem wir Dokumente und Unterlagen zur Tagung bereitstellen.<\/p>\n<p>Ich w\u00fcrde mich freuen, Sie bei der Landessynode begr\u00fc\u00dfen zu k\u00f6nnen!<\/p>\n<h4><strong>Die Aufgaben der Landessynode<\/strong><\/h4>\n<p>Bei der Kirchenwahl am 1. Dezember 2019 waren neben den w\u00fcrttemberg-weit rund 10.000 Mandaten in den \u00f6rtlichen Kirchengemeinder\u00e4ten auch die 90 Sitze in der Landessynode neu zu besetzen. Die Synode beschlie\u00dft landeskirchliche Gesetze und entscheidet unter anderem \u00fcber die Finanzen der Landeskirche. In der neuen Legislaturperiode wird sie au\u00dferdem eine Nachfolgerin bzw. einen Nachfolger im Amt des Landesbischofs w\u00e4hlen, denn die Amtszeit des seit 2005 amtierenden Landesbischofs Dr. h. c. Frank Otfried July endet mit Vollendung des 68. Lebensjahres im Sommer 2022.<\/p>\n<p>Die Synode ist f\u00fcr sechs Jahre gew\u00e4hlt \u2013 sie ist EKD-weit die einzige, die von den Kirchenmitgliedern direkt bestimmt wird. Insgesamt geh\u00f6ren dem Kirchenparlament 91 Mitglieder an: Zus\u00e4tzlich zu den 90 gew\u00e4hlten Mandatstr\u00e4gerinnen und -tr\u00e4gern entsendet die evangelisch-theologische Fakult\u00e4t der Universit\u00e4t T\u00fcbingen einen Vertreter.<\/p>\n<p>Mit freundlichen Gr\u00fc\u00dfen<\/p>\n<p>Oliver Hoesch<br \/>\nSprecher der Landeskirche<\/p>\n<\/div>\n<p>[\/vc_column_text][\/vc_column][\/vc_row]<\/p>\n","protected":false},"excerpt":{"rendered":"<p>[vc_row][vc_column][vc_column_text text_larger=&#8220;no&#8220;] Einladung zur Berichterstattung \/ Pr\u00e4sidium und Ausschussvorsitzende werden gew\u00e4hlt Die 16. W\u00fcrttembergische Evangelische Landessynode kommt am Samstag, 15.<\/p>\n","protected":false},"author":1,"featured_media":0,"comment_status":"closed","ping_status":"closed","sticky":false,"template":"","format":"standard","meta":{"footnotes":""},"categories":[21],"tags":[],"_links":{"self":[{"href":"https:\/\/krankenhauspfarramt.de\/index.php\/wp-json\/wp\/v2\/posts\/464"}],"collection":[{"href":"https:\/\/krankenhauspfarramt.de\/index.php\/wp-json\/wp\/v2\/posts"}],"about":[{"href":"https:\/\/krankenhauspfarramt.de\/index.php\/wp-json\/wp\/v2\/types\/post"}],"author":[{"embeddable":true,"href":"https:\/\/krankenhauspfarramt.de\/index.php\/wp-json\/wp\/v2\/users\/1"}],"replies":[{"embeddable":true,"href":"https:\/\/krankenhauspfarramt.de\/index.php\/wp-json\/wp\/v2\/comments?post=464"}],"version-history":[{"count":1,"href":"https:\/\/krankenhauspfarramt.de\/index.php\/wp-json\/wp\/v2\/posts\/464\/revisions"}],"predecessor-version":[{"id":468,"href":"https:\/\/krankenhauspfarramt.de\/index.php\/wp-json\/wp\/v2\/posts\/464\/revisions\/468"}],"wp:attachment":[{"href":"https:\/\/krankenhauspfarramt.de\/index.php\/wp-json\/wp\/v2\/media?parent=464"}],"wp:term":[{"taxonomy":"category","embeddable":true,"href":"https:\/\/krankenhauspfarramt.de\/index.php\/wp-json\/wp\/v2\/categories?post=464"},{"taxonomy":"post_tag","embeddable":true,"href":"https:\/\/krankenhauspfarramt.de\/index.php\/wp-json\/wp\/v2\/tags?post=464"}],"curies":[{"name":"wp","href":"https:\/\/api.w.org\/{rel}","templated":true}]}}