{"id":4645,"date":"2022-07-26T13:34:21","date_gmt":"2022-07-26T13:34:21","guid":{"rendered":"https:\/\/krankenhauspfarramt.de\/index.php\/2022\/07\/26\/katrin-eigendorf-erhaelt-evangelischen-medienpreis-ekd\/"},"modified":"2022-07-26T13:34:22","modified_gmt":"2022-07-26T13:34:22","slug":"katrin-eigendorf-erhaelt-evangelischen-medienpreis-ekd","status":"publish","type":"post","link":"https:\/\/krankenhauspfarramt.de\/index.php\/2022\/07\/26\/katrin-eigendorf-erhaelt-evangelischen-medienpreis-ekd\/","title":{"rendered":"Katrin Eigendorf erh\u00e4lt evangelischen Medienpreis \u2013 EKD"},"content":{"rendered":"<p> <br \/>\n<\/p>\n<div>\n<p>Als Auslandskorrespondentin der ARD, sp\u00e4ter f\u00fcr RTL sowie seit 1999 als Internationale Reporterin f\u00fcr das ZDF und Arte ordne Eigendorf Konflikte ein und vermittle sensibel reflektiert Hintergrundinformationen, lobte die Jury unter dem Vorsitz des Kirchenpr\u00e4sidenten der Evangelischen Kirche in Hessen und Nassau, Volker Jung. Dabei sei die Journalistin oft selbst Gefahr ausgesetzt. \u201eUnaufgeregt, nicht selbstdarstellerisch, mit pr\u00e4ziser Kenntnis und journalistischer Urteilssicherheit vermittelt sie komplexe Sachverhalte\u201c, hie\u00df es.<\/p>\n<p>Der Medienpreis der evangelischen Kirche wird am 20. September in Zusammenarbeit mit dem Mitteldeutschen Rundfunk (MDR) in Leipzig verliehen. Die Laudatio h\u00e4lt der Journalist Claus Kleber, ehemaliger Moderator des ZDF-\u201eheute journals\u201c. Die Gewinner der weiteren Preise werden am Tag der Verleihung bekannt gegeben.<\/p>\n<p>Der Geisend\u00f6rfer-Preis wird seit 1983 j\u00e4hrlich im Gedenken an den Publizisten Robert Geisend\u00f6rfer (1910-1976) verliehen. 2020 fiel die Vergabe pandemiebedingt aus. Ausgezeichnet werden H\u00f6rfunk-, Fernseh- und Onlineformate aus allen Programmsparten, die das pers\u00f6nliche und soziale Verantwortungsbewusstsein st\u00e4rken und zur gegenseitigen Achtung der Geschlechter beitragen. Mit dem Sonderpreis wird jeweils eine exemplarische publizistische oder k\u00fcnstlerische Leistung gew\u00fcrdigt.<\/p>\n<p>Das GEP, dem die organisatorische Betreuung des Preises obliegt, ist die zentrale Medieneinrichtung der EKD, ihrer Landeskirchen und Werke sowie der evangelischen Freikirchen. Zum GEP geh\u00f6rt unter anderem die Zentralredaktion des Evangelischen Pressedienstes (epd).<\/p>\n<\/p><\/div>\n","protected":false},"excerpt":{"rendered":"<p>Als Auslandskorrespondentin der ARD, sp\u00e4ter f\u00fcr RTL sowie seit 1999 als Internationale Reporterin f\u00fcr das ZDF und Arte ordne Eigendorf<\/p>\n","protected":false},"author":1,"featured_media":4646,"comment_status":"closed","ping_status":"closed","sticky":false,"template":"","format":"standard","meta":{"footnotes":""},"categories":[20],"tags":[],"_links":{"self":[{"href":"https:\/\/krankenhauspfarramt.de\/index.php\/wp-json\/wp\/v2\/posts\/4645"}],"collection":[{"href":"https:\/\/krankenhauspfarramt.de\/index.php\/wp-json\/wp\/v2\/posts"}],"about":[{"href":"https:\/\/krankenhauspfarramt.de\/index.php\/wp-json\/wp\/v2\/types\/post"}],"author":[{"embeddable":true,"href":"https:\/\/krankenhauspfarramt.de\/index.php\/wp-json\/wp\/v2\/users\/1"}],"replies":[{"embeddable":true,"href":"https:\/\/krankenhauspfarramt.de\/index.php\/wp-json\/wp\/v2\/comments?post=4645"}],"version-history":[{"count":1,"href":"https:\/\/krankenhauspfarramt.de\/index.php\/wp-json\/wp\/v2\/posts\/4645\/revisions"}],"predecessor-version":[{"id":4647,"href":"https:\/\/krankenhauspfarramt.de\/index.php\/wp-json\/wp\/v2\/posts\/4645\/revisions\/4647"}],"wp:featuredmedia":[{"embeddable":true,"href":"https:\/\/krankenhauspfarramt.de\/index.php\/wp-json\/wp\/v2\/media\/4646"}],"wp:attachment":[{"href":"https:\/\/krankenhauspfarramt.de\/index.php\/wp-json\/wp\/v2\/media?parent=4645"}],"wp:term":[{"taxonomy":"category","embeddable":true,"href":"https:\/\/krankenhauspfarramt.de\/index.php\/wp-json\/wp\/v2\/categories?post=4645"},{"taxonomy":"post_tag","embeddable":true,"href":"https:\/\/krankenhauspfarramt.de\/index.php\/wp-json\/wp\/v2\/tags?post=4645"}],"curies":[{"name":"wp","href":"https:\/\/api.w.org\/{rel}","templated":true}]}}