{"id":4669,"date":"2022-08-01T03:15:30","date_gmt":"2022-08-01T03:15:30","guid":{"rendered":"https:\/\/krankenhauspfarramt.de\/index.php\/2022\/08\/01\/prominente-vertreter-und-vertreterinnen-aus-freier-wohlfahrtspflege-gewerkschaften-kirche-wissenschaft-und-kultur-rufen-gemeinsam-zur-solidaritaet-mit-den-schwaechsten-der-gesellschaft-auf\/"},"modified":"2022-08-01T03:15:31","modified_gmt":"2022-08-01T03:15:31","slug":"prominente-vertreter-und-vertreterinnen-aus-freier-wohlfahrtspflege-gewerkschaften-kirche-wissenschaft-und-kultur-rufen-gemeinsam-zur-solidaritaet-mit-den-schwaechsten-der-gesellschaft-auf","status":"publish","type":"post","link":"https:\/\/krankenhauspfarramt.de\/index.php\/2022\/08\/01\/prominente-vertreter-und-vertreterinnen-aus-freier-wohlfahrtspflege-gewerkschaften-kirche-wissenschaft-und-kultur-rufen-gemeinsam-zur-solidaritaet-mit-den-schwaechsten-der-gesellschaft-auf\/","title":{"rendered":"Prominente Vertreter und Vertreterinnen aus Freier Wohlfahrtspflege, Gewerkschaften, Kirche, Wissenschaft und Kultur rufen gemeinsam zur Solidarit\u00e4t mit den Schw\u00e4chsten der Gesellschaft auf"},"content":{"rendered":"<p> <br \/>\n<\/p>\n<div id=\"\">\n<div class=\"article--meta article--meta__border clearfix\">\n<p>                                    <time datetime=\"01.08.2022 05:00\" class=\"article--time\">01.08.2022<\/time><\/p>\n<p>                                     <strong class=\"article--type primus--overline\">Pressemitteilung<\/strong><\/p>\n<picture class=\"article--source-image image\"><source srcset=\"https:\/\/www.ekd.de\/ekd_de\/ds_img\/assets\/20170622_ekd-Quellenlogo_141_rdax_423x118.png\"><!--<source srcset=\"\/ekd_de\/ds_img\/assets\/20170622_ekd-Quellenlogo_141_rdax_141x39.png 1x, \/ekd_de\/ds_img\/assets\/20170622_ekd-Quellenlogo_141_rdax_282x78.png 2x, https:\/\/www.ekd.de\/ekd_de\/ds_img\/assets\/20170622_ekd-Quellenlogo_141_rdax_423x118.png 3x\">--><\/p>\n<p>    <\/source><\/picture>\n<\/p><\/div><\/div>\n<div id=\"\">\n<p>In einem offenen Aufruf \u201eF\u00fcr Solidarit\u00e4t und Zusammenhalt jetzt!\u201c fordern prominente Vertreter und Vertreterinnen von Wohlfahrtsverb\u00e4nden, Gewerkschaften, Kirche, Wissenschaft und Kultur mehr gesellschaftlichen Zusammenhalt in Krisenzeiten. Der Angriffskrieg auf die Ukraine, die Corona-Pandemie und weltweit gest\u00f6rte Lieferketten haben Preissteigerungen vor allem f\u00fcr Energie und Nahrungsmittel ausgel\u00f6st, die von Menschen mit geringen bis durchschnittlichen Einkommen kaum noch zu stemmen sind. F\u00fcr viele bedeutet die hohe Inflation eine existenzielle Bedrohung. Die Unterzeichnenden fordern deshalb eine zielgenaue und wirkungsvolle Entlastung einkommensarmer Haushalte. Dabei sei insbesondere die Solidarit\u00e4t der Menschen gefragt, die \u00fcber gro\u00dfe Einkommen und Verm\u00f6gen verf\u00fcgten, betonen die Erstunterzeichnenden des Appells. \u201eStarke Schultern k\u00f6nnen und m\u00fcssen mehr tragen \u2013 das ist ein zentraler Grundsatz unserer sozialen Marktwirtschaft.\u201c, hei\u00dft es in dem Aufruf: \u201eWir alle sind jetzt gefragt, unseren pers\u00f6nlichen Beitrag zum sozialen Frieden und zum Zusammenhalt in unserer Demokratie zu leisten.\u201c<\/p>\n<p>Die Ratsvorsitzende der Evangelischen Kirche in Deutschland, Pr\u00e4ses Annette Kurschus, betont: \u201eSolidarit\u00e4t muss sehr konkret und sehr konsequent gelebt werden, und das wird auch uns selbst in unserem Alltag einiges abverlangen. Wir werden erhebliche Preissteigerungen in etlichen Bereichen hinnehmen m\u00fcssen. Jetzt gilt es, zusammenzuhalten \u2013 auch damit die teure Solidarit\u00e4t nicht auf die Knochen und auf Kosten derer geht, die jetzt schon zu wenig haben. Den entschlossenen Willen dazu nehme ich in unserer Gesellschaft deutlich wahr.\u201c<\/p>\n<p>Der Pr\u00e4sident der Diakonie Deutschland, Ulrich Lilie, erkl\u00e4rt: \u201eMenschen mit geringen Einkommen k\u00f6nnen nicht mehr warten und m\u00fcssen jetzt wirkungsvoll von der Preisexplosion entlastet werden. Wer bereits heute fast zwei Drittel des Einkommens f\u00fcr Miete, Energie und Lebensmittel ausgeben muss und \u00fcber keine nennenswerten R\u00fccklagen verf\u00fcgt, kann der Inflation nicht entkommen. Die Politik muss diejenigen als erste in den Blick nehmen, die am h\u00e4rtesten von den Preissteigerungen getroffen werden, und sie zielgenau unterst\u00fctzen. Gute Vorschl\u00e4ge dazu liegen auf dem Tisch, jetzt kommt es auf die Umsetzung an.\u201c<\/p>\n<p><span style=\"line-height:14pt\">Der Aufruf \u201eF\u00fcr Solidarit\u00e4t und Zusammenhalt jetzt!\u201c ist abrufbar unter: https:\/\/www.policat.org\/p\/9784<\/span><\/p>\n<p class=\"EKDFlietext\"><span style=\"line-height:14pt\">Liste der Erstunterzeichnenden:<\/span><\/p>\n<ul>\n<li class=\"EKDFlietext\" style=\"margin: 0cm;\"><span style=\"line-height:14pt\">Ulrich Lilie, Pr\u00e4sident der Diakonie Deutschland<\/span><\/li>\n<li class=\"EKDFlietext\" style=\"margin: 0cm;\"><span style=\"line-height:14pt\">Frank Werneke, Vorsitzender der Vereinten Dienstleistungsgewerkschaft (ver.di)<\/span><\/li>\n<li class=\"EKDFlietext\" style=\"margin: 0cm;\"><span style=\"line-height:14pt\">Reiner Hoffmann, ehemaliger Vorsitzender des Deutschen Gewerkschaftsbundes (DGB)<\/span><\/li>\n<li class=\"EKDFlietext\" style=\"margin: 0cm;\"><span style=\"line-height:14pt\">Dr. Annette Kurschus, Vorsitzende des Rates der Evangelischen Kirche in Deutschland (EKD)<\/span><\/li>\n<li class=\"EKDFlietext\" style=\"margin: 0cm;\"><span style=\"line-height:14pt\">Heinrich Bedford-Strohm, Landesbischof der Evangelisch-Lutherischen Kirche in Bayern<\/span><\/li>\n<li class=\"EKDFlietext\" style=\"margin: 0cm;\"><span style=\"line-height:14pt\">Karl-Josef Laumann, Bundesvorsitzender der Christlich-Demokratischen Arbeitnehmerschaft (CDA)<\/span><\/li>\n<li class=\"EKDFlietext\" style=\"margin: 0cm;\"><span style=\"line-height:14pt\">Verena Bentele, Pr\u00e4sidentin des Sozialverbandes VdK<\/span><\/li>\n<li class=\"EKDFlietext\" style=\"margin: 0cm;\"><span style=\"line-height:14pt\">Prof. Dr. Rolf Rosenbrock, Vorsitzender des Parit\u00e4tischen Gesamtverbandes<\/span><\/li>\n<li class=\"EKDFlietext\" style=\"margin: 0cm;\"><span style=\"line-height:14pt\">Michael Gro\u00df, Pr\u00e4sident der Arbeiterwohlfahrt (AWO)<\/span><\/li>\n<li class=\"EKDFlietext\" style=\"margin: 0cm;\"><span style=\"line-height:14pt\">Guido Zeitler, Vorsitzender der Gewerkschaft Nahrung-Genuss-Gastst\u00e4tten (NGG)<\/span><\/li>\n<li class=\"EKDFlietext\" style=\"margin: 0cm;\"><span style=\"line-height:14pt\">Jochen Br\u00fchl, Vorsitzender der Tafel Deutschland<\/span><\/li>\n<li class=\"EKDFlietext\" style=\"margin: 0cm;\"><span style=\"line-height:14pt\">Dr. Gerd Landsberg, Hauptgesch\u00e4ftsf\u00fchrer des Deutschen St\u00e4dte- und Gemeindebundes (DStGB)<\/span><\/li>\n<li class=\"EKDFlietext\" style=\"margin: 0cm;\"><span style=\"line-height:14pt\">Andr\u00e9 Wilken, Gesch\u00e4ftsf\u00fchrer European Cultural Foundation <\/span><\/li>\n<li class=\"EKDFlietext\" style=\"margin: 0cm;\"><span style=\"line-height:14pt\">Olaf Zimmermann, Gesch\u00e4ftsf\u00fchrer des Deutschen Kulturrates<\/span><\/li>\n<li class=\"EKDFlietext\" style=\"margin: 0cm;\"><span style=\"line-height:14pt\">Prof. Dr. Gesche Joost, Professorin f\u00fcr Designforschung an der Universit\u00e4t der K\u00fcnste Berlin<\/span><\/li>\n<li class=\"EKDFlietext\" style=\"margin: 0cm;\"><span style=\"line-height:14pt\">Prof. Dr. Marcel Fratzscher, Pr\u00e4sident des Deutschen Institutes f\u00fcr Wirtschaftsforschung (DIW Berlin) <\/span><\/li>\n<li class=\"EKDFlietext\" style=\"margin: 0cm;\"><span style=\"line-height:14pt\">Stefan Wegner, Partner Scholz &amp; Friends<\/span><\/li>\n<\/ul>\n<p class=\"EKDFlietext\"><span style=\"line-height:14pt\">Hannover\/Berlin, 31. Juli 2022<\/span><\/p>\n<p class=\"EKDFlietext\"><span style=\"line-height:14pt\">Pressestelle der EKD<\/span><br \/><span style=\"line-height:14pt\">Carsten Splitt<\/span><\/p>\n<\/div>\n","protected":false},"excerpt":{"rendered":"<p>01.08.2022 Pressemitteilung In einem offenen Aufruf \u201eF\u00fcr Solidarit\u00e4t und Zusammenhalt jetzt!\u201c fordern prominente Vertreter und Vertreterinnen von Wohlfahrtsverb\u00e4nden, Gewerkschaften, Kirche,<\/p>\n","protected":false},"author":1,"featured_media":569,"comment_status":"closed","ping_status":"closed","sticky":false,"template":"","format":"standard","meta":{"footnotes":""},"categories":[20],"tags":[],"_links":{"self":[{"href":"https:\/\/krankenhauspfarramt.de\/index.php\/wp-json\/wp\/v2\/posts\/4669"}],"collection":[{"href":"https:\/\/krankenhauspfarramt.de\/index.php\/wp-json\/wp\/v2\/posts"}],"about":[{"href":"https:\/\/krankenhauspfarramt.de\/index.php\/wp-json\/wp\/v2\/types\/post"}],"author":[{"embeddable":true,"href":"https:\/\/krankenhauspfarramt.de\/index.php\/wp-json\/wp\/v2\/users\/1"}],"replies":[{"embeddable":true,"href":"https:\/\/krankenhauspfarramt.de\/index.php\/wp-json\/wp\/v2\/comments?post=4669"}],"version-history":[{"count":1,"href":"https:\/\/krankenhauspfarramt.de\/index.php\/wp-json\/wp\/v2\/posts\/4669\/revisions"}],"predecessor-version":[{"id":4670,"href":"https:\/\/krankenhauspfarramt.de\/index.php\/wp-json\/wp\/v2\/posts\/4669\/revisions\/4670"}],"wp:featuredmedia":[{"embeddable":true,"href":"https:\/\/krankenhauspfarramt.de\/index.php\/wp-json\/wp\/v2\/media\/569"}],"wp:attachment":[{"href":"https:\/\/krankenhauspfarramt.de\/index.php\/wp-json\/wp\/v2\/media?parent=4669"}],"wp:term":[{"taxonomy":"category","embeddable":true,"href":"https:\/\/krankenhauspfarramt.de\/index.php\/wp-json\/wp\/v2\/categories?post=4669"},{"taxonomy":"post_tag","embeddable":true,"href":"https:\/\/krankenhauspfarramt.de\/index.php\/wp-json\/wp\/v2\/tags?post=4669"}],"curies":[{"name":"wp","href":"https:\/\/api.w.org\/{rel}","templated":true}]}}