{"id":4695,"date":"2022-08-12T13:01:00","date_gmt":"2022-08-12T13:01:00","guid":{"rendered":"https:\/\/krankenhauspfarramt.de\/index.php\/2022\/08\/12\/ekd-ratsvorsitzende-gratuliert-alt-bischof-huber-zum-80-geburtstag-ekd\/"},"modified":"2022-08-12T13:01:10","modified_gmt":"2022-08-12T13:01:10","slug":"ekd-ratsvorsitzende-gratuliert-alt-bischof-huber-zum-80-geburtstag-ekd","status":"publish","type":"post","link":"https:\/\/krankenhauspfarramt.de\/index.php\/2022\/08\/12\/ekd-ratsvorsitzende-gratuliert-alt-bischof-huber-zum-80-geburtstag-ekd\/","title":{"rendered":"EKD-Ratsvorsitzende gratuliert Alt-Bischof Huber zum 80. Geburtstag \u2013 EKD"},"content":{"rendered":"<p> <br \/>\n<\/p>\n<div>\n<p>Die EKD und die Berlin-Brandenburgische Kirche richten aus Anlass des Geburtstags am 26. August einen Festakt f\u00fcr Huber aus. Bundespr\u00e4sident Frank-Walter Steinmeier soll den Festvortrag halten, wie die EKD mitteilte.<\/p>\n<p>Huber wurde am 12. August 1942 in Stra\u00dfburg geboren. Der Theologe war Professor f\u00fcr Ethik in Marburg und Heidelberg, bevor er 1993 zum Bischof der Kirche von Berlin und Brandenburg gew\u00e4hlt wurde, ab 2004 geh\u00f6rte auch die schlesische Oberlausitz zu seinem Bischofsgebiet. W\u00e4hrend seiner Zeit als Ethik-Professor engagierte sich Huber zudem f\u00fcr den Deutschen Evangelischen Kirchentag und war von 1983 bis 1985 mitten in der Zeit der Nachr\u00fcstungsdebatte dessen Pr\u00e4sident.<\/p>\n<p>In die Zeit als Bischof und EKD-Ratsmitglied und Ratsvorsitzender fallen finanzielle und strukturelle Kirchenreformen, wie etwa das EKD-Reformpapier \u201eKirche der Freiheit\u201c von 2006, das Strategien f\u00fcr schwindende Ressourcen durch den Mitgliederverlust der Kirche vorschlug. Kirche der Freiheit, \u00f6kumenische Verbundenheit und \u00f6ffentliche Verantwortung seien in seinem Wirken Hand in Hand gegangen, schrieb Kurschus. Das habe Huber \u00fcber viele Jahrzehnte gelebt, \u201eintellektuell immer neu durchdrungen und in unz\u00e4hligen Beitr\u00e4gen scharfsinnig und zugleich klar und verst\u00e4ndlich weitergegeben\u201c.<\/p>\n<\/p><\/div>\n","protected":false},"excerpt":{"rendered":"<p>Die EKD und die Berlin-Brandenburgische Kirche richten aus Anlass des Geburtstags am 26. August einen Festakt f\u00fcr Huber aus. Bundespr\u00e4sident<\/p>\n","protected":false},"author":1,"featured_media":4696,"comment_status":"closed","ping_status":"closed","sticky":false,"template":"","format":"standard","meta":{"footnotes":""},"categories":[20],"tags":[],"_links":{"self":[{"href":"https:\/\/krankenhauspfarramt.de\/index.php\/wp-json\/wp\/v2\/posts\/4695"}],"collection":[{"href":"https:\/\/krankenhauspfarramt.de\/index.php\/wp-json\/wp\/v2\/posts"}],"about":[{"href":"https:\/\/krankenhauspfarramt.de\/index.php\/wp-json\/wp\/v2\/types\/post"}],"author":[{"embeddable":true,"href":"https:\/\/krankenhauspfarramt.de\/index.php\/wp-json\/wp\/v2\/users\/1"}],"replies":[{"embeddable":true,"href":"https:\/\/krankenhauspfarramt.de\/index.php\/wp-json\/wp\/v2\/comments?post=4695"}],"version-history":[{"count":1,"href":"https:\/\/krankenhauspfarramt.de\/index.php\/wp-json\/wp\/v2\/posts\/4695\/revisions"}],"predecessor-version":[{"id":4697,"href":"https:\/\/krankenhauspfarramt.de\/index.php\/wp-json\/wp\/v2\/posts\/4695\/revisions\/4697"}],"wp:featuredmedia":[{"embeddable":true,"href":"https:\/\/krankenhauspfarramt.de\/index.php\/wp-json\/wp\/v2\/media\/4696"}],"wp:attachment":[{"href":"https:\/\/krankenhauspfarramt.de\/index.php\/wp-json\/wp\/v2\/media?parent=4695"}],"wp:term":[{"taxonomy":"category","embeddable":true,"href":"https:\/\/krankenhauspfarramt.de\/index.php\/wp-json\/wp\/v2\/categories?post=4695"},{"taxonomy":"post_tag","embeddable":true,"href":"https:\/\/krankenhauspfarramt.de\/index.php\/wp-json\/wp\/v2\/tags?post=4695"}],"curies":[{"name":"wp","href":"https:\/\/api.w.org\/{rel}","templated":true}]}}