{"id":4698,"date":"2022-08-15T13:20:58","date_gmt":"2022-08-15T13:20:58","guid":{"rendered":"https:\/\/krankenhauspfarramt.de\/index.php\/2022\/08\/15\/taufe-mit-rheinwasser-strandmuschel-und-kuehlbox-ekd\/"},"modified":"2022-08-15T13:21:00","modified_gmt":"2022-08-15T13:21:00","slug":"taufe-mit-rheinwasser-strandmuschel-und-kuehlbox-ekd","status":"publish","type":"post","link":"https:\/\/krankenhauspfarramt.de\/index.php\/2022\/08\/15\/taufe-mit-rheinwasser-strandmuschel-und-kuehlbox-ekd\/","title":{"rendered":"Taufe mit Rheinwasser, Strandmuschel und K\u00fchlbox \u2013 EKD"},"content":{"rendered":"<p> <br \/>\n<\/p>\n<div>\n<p>Bei br\u00fctender Hitze deutlich \u00fcber 30 Grad ist die Feststimmung nicht v\u00f6llig ausgelassen und das erhoffte \u201ewuselige Miteinander\u201c kommt an seine Grenzen. Viele suchen Schutz unter den B\u00e4umen am Rande des weitl\u00e4ufigen Gel\u00e4ndes. Sie lassen sich aber nicht verdrie\u00dfen und genie\u00dfen das Vorprogramm, das Ralph Caspers von der \u201eSendung mit der Maus\u201c und die Entertainerin Annie Heger moderieren. F\u00fcr gute Laune im Publikum sorgen die feministische Musikerin Suli Puschban mit Kindermusik und \u201eFrau H\u00f6pker\u201c, die zum Singen alter und junger Hits bittet.<\/p>\n<p>Sp\u00e4testens beim H\u00f6hepunkt des Tages, den knapp 200 Taufen, ist die Wiese dicht besiedelt. Auf einem zentralen Tisch stehen Karaffen bereit, die je nach Wunsch mit Leitungswasser oder Wasser aus dem Rhein gef\u00fcllt sind. Taufschalen wurden mitgebracht oder k\u00f6nnen an einem Info-Point abgeholt werden. Jeweils vier bis f\u00fcnf T\u00e4uflinge stehen schlie\u00dflich mit ihren Familien und Freunden in Gruppen beisammen und werden von rund 40 Pfarrerinnen und Pfarrern getauft. Auch der Pr\u00e4ses der Evangelischen Kirche im Rheinland, Thorsten Latzel, beteiligt sich daran.<\/p>\n<p>Martina Timm, die bei dem Fest ihre f\u00fcnfj\u00e4hrige Tochter Pauline taufen l\u00e4sst, ist begeistert: \u201eDas hier ist eine Supersache, das passt wirklich zu uns\u201c, sagt sie. \u201eEigentlich wollten wir unsere Tochter erst vor der Konfirmation fragen, ob sie getauft werden m\u00f6chte.\u201c Doch dann kam die Einladung ihrer Kirchengemeinde, in der auf das gro\u00dfe Tauffest des Evangelischen Kirchenverbands K\u00f6ln und Region hingewiesen wurde. Pauline wollte gerne getauft werden. \u201eSchlie\u00dflich habe ich schon lange kein richtiges Fest mehr gefeiert\u201c, sagt die F\u00fcnfj\u00e4hrige.<\/p>\n<p>Auch nach den Taufen bleiben viele Familien auf ihren Picknick-Decken sitzen und genie\u00dfen die Atmosph\u00e4re im Rheinpark. Einige locken auch die T\u00f6ne der K\u00f6lner Mundart-Band Bl\u00e4ck F\u00f6\u00f6ss, die w\u00e4hrend der Veranstaltung im benachbarten Tanzbrunnen &#8211; einem gro\u00dfen Veranstaltungsort &#8211; einen un\u00fcberh\u00f6rbaren Soundcheck vor ihrem Konzert am Abend machen. Einigen wird nach der Taufe die bekannte Liedzeile \u201eDat Wasser vun K\u00f6lle es jot\u201c durch den Kopf gegangenen sein: \u201eDas Wasser von K\u00f6ln ist gut\u201c &#8211; auch f\u00fcr Taufen.<\/p>\n<p>Die Initiatorin und Projektleiterin des Tauffests, Miriam Haseleu, zeigt sich am Ende zufrieden mit dem Event. \u201eEs hat fast alles so geklappt, wie wir uns das vorgestellt haben\u201c, sagt die Pfarrerin. \u201eEs bleibt also noch ein bisschen Luft nach oben, sollte das Fest eine Neuauflage erleben.\u201c<\/p>\n<p>Auch der K\u00f6lner Stadtsuperintendent Bernhard Seiger freut sich \u00fcber das besondere Ereignis. Mit vielen Leuten zusammenkommen, essen, feiern und \u00fcber das Leben nachdenken &#8211; das sei wie ein kleiner Kirchentag, sagt der leitende Theologe der rund 260.000 K\u00f6lner Protestanten. Er finde \u201eden Gedanken toll, dass heute etwa 200 Menschen neu Teil der weltweiten Christenheit geworden sind\u201c. Die Taufe verbinde Menschen \u00fcber die Generationen und auch weltweit. Der denkw\u00fcrdige Tag der Taufe mit Picknick am Rhein werde allen Beteiligten in Erinnerung bleiben.<\/p>\n<\/p><\/div>\n","protected":false},"excerpt":{"rendered":"<p>Bei br\u00fctender Hitze deutlich \u00fcber 30 Grad ist die Feststimmung nicht v\u00f6llig ausgelassen und das erhoffte \u201ewuselige Miteinander\u201c kommt an<\/p>\n","protected":false},"author":1,"featured_media":4699,"comment_status":"closed","ping_status":"closed","sticky":false,"template":"","format":"standard","meta":{"footnotes":""},"categories":[20],"tags":[],"_links":{"self":[{"href":"https:\/\/krankenhauspfarramt.de\/index.php\/wp-json\/wp\/v2\/posts\/4698"}],"collection":[{"href":"https:\/\/krankenhauspfarramt.de\/index.php\/wp-json\/wp\/v2\/posts"}],"about":[{"href":"https:\/\/krankenhauspfarramt.de\/index.php\/wp-json\/wp\/v2\/types\/post"}],"author":[{"embeddable":true,"href":"https:\/\/krankenhauspfarramt.de\/index.php\/wp-json\/wp\/v2\/users\/1"}],"replies":[{"embeddable":true,"href":"https:\/\/krankenhauspfarramt.de\/index.php\/wp-json\/wp\/v2\/comments?post=4698"}],"version-history":[{"count":1,"href":"https:\/\/krankenhauspfarramt.de\/index.php\/wp-json\/wp\/v2\/posts\/4698\/revisions"}],"predecessor-version":[{"id":4700,"href":"https:\/\/krankenhauspfarramt.de\/index.php\/wp-json\/wp\/v2\/posts\/4698\/revisions\/4700"}],"wp:featuredmedia":[{"embeddable":true,"href":"https:\/\/krankenhauspfarramt.de\/index.php\/wp-json\/wp\/v2\/media\/4699"}],"wp:attachment":[{"href":"https:\/\/krankenhauspfarramt.de\/index.php\/wp-json\/wp\/v2\/media?parent=4698"}],"wp:term":[{"taxonomy":"category","embeddable":true,"href":"https:\/\/krankenhauspfarramt.de\/index.php\/wp-json\/wp\/v2\/categories?post=4698"},{"taxonomy":"post_tag","embeddable":true,"href":"https:\/\/krankenhauspfarramt.de\/index.php\/wp-json\/wp\/v2\/tags?post=4698"}],"curies":[{"name":"wp","href":"https:\/\/api.w.org\/{rel}","templated":true}]}}