{"id":4704,"date":"2022-08-17T14:41:11","date_gmt":"2022-08-17T14:41:11","guid":{"rendered":"https:\/\/krankenhauspfarramt.de\/index.php\/2022\/08\/17\/weltkirchenrat-warnt-vor-unbewohnbarem-planeten-erde-ekd\/"},"modified":"2022-08-17T14:41:13","modified_gmt":"2022-08-17T14:41:13","slug":"weltkirchenrat-warnt-vor-unbewohnbarem-planeten-erde-ekd","status":"publish","type":"post","link":"https:\/\/krankenhauspfarramt.de\/index.php\/2022\/08\/17\/weltkirchenrat-warnt-vor-unbewohnbarem-planeten-erde-ekd\/","title":{"rendered":"Weltkirchenrat warnt vor unbewohnbarem Planeten Erde \u2013 EKD"},"content":{"rendered":"<p> <br \/>\n<\/p>\n<div>\n<p>Schon das erste Plenum am 1. September soll sich mit dem Thema befassen. Auf diesen Tag f\u00e4llt in diesem Jahr der \u00f6kumenische \u201eTag der Sch\u00f6pfung\u201c. Aus diesem Anlass werden auch Botschaften von Papst Franziskus sowie des griechisch-orthodoxen Patriarchen von Konstantinopel, Bartholom\u00e4us I., erwartet. Bartholom\u00e4us gilt als geistliches Ehrenoberhaupt der orthodoxen Weltkirche.<\/p>\n<p>Der Kampf gegen den Klimawandel sei \u201eein theologisches Thema\u201c, betonte Sauca. \u201eGottes Plan in Christus\u201c umfasse auch \u201edie Vers\u00f6hnung mit und die Heilung der gesamten Sch\u00f6pfung.\u201c F\u00fcr den Weltkirchenrat sei der Einsatz f\u00fcr die Sch\u00f6pfung \u201eein grundlegender Bestandteil unserer Identit\u00e4t\u201c. So sei der \u00d6RK die einzige religi\u00f6se Organisation, die sich seit dem Umweltgipfel von Rio de Janeiro 1992 an allen Klimakonferenzen der Vereinten Nationen beteiligt habe, sagte Sauca weiter.<\/p>\n<\/p><\/div>\n","protected":false},"excerpt":{"rendered":"<p>Schon das erste Plenum am 1. September soll sich mit dem Thema befassen. Auf diesen Tag f\u00e4llt in diesem Jahr<\/p>\n","protected":false},"author":1,"featured_media":4705,"comment_status":"closed","ping_status":"closed","sticky":false,"template":"","format":"standard","meta":{"footnotes":""},"categories":[20],"tags":[],"_links":{"self":[{"href":"https:\/\/krankenhauspfarramt.de\/index.php\/wp-json\/wp\/v2\/posts\/4704"}],"collection":[{"href":"https:\/\/krankenhauspfarramt.de\/index.php\/wp-json\/wp\/v2\/posts"}],"about":[{"href":"https:\/\/krankenhauspfarramt.de\/index.php\/wp-json\/wp\/v2\/types\/post"}],"author":[{"embeddable":true,"href":"https:\/\/krankenhauspfarramt.de\/index.php\/wp-json\/wp\/v2\/users\/1"}],"replies":[{"embeddable":true,"href":"https:\/\/krankenhauspfarramt.de\/index.php\/wp-json\/wp\/v2\/comments?post=4704"}],"version-history":[{"count":1,"href":"https:\/\/krankenhauspfarramt.de\/index.php\/wp-json\/wp\/v2\/posts\/4704\/revisions"}],"predecessor-version":[{"id":4706,"href":"https:\/\/krankenhauspfarramt.de\/index.php\/wp-json\/wp\/v2\/posts\/4704\/revisions\/4706"}],"wp:featuredmedia":[{"embeddable":true,"href":"https:\/\/krankenhauspfarramt.de\/index.php\/wp-json\/wp\/v2\/media\/4705"}],"wp:attachment":[{"href":"https:\/\/krankenhauspfarramt.de\/index.php\/wp-json\/wp\/v2\/media?parent=4704"}],"wp:term":[{"taxonomy":"category","embeddable":true,"href":"https:\/\/krankenhauspfarramt.de\/index.php\/wp-json\/wp\/v2\/categories?post=4704"},{"taxonomy":"post_tag","embeddable":true,"href":"https:\/\/krankenhauspfarramt.de\/index.php\/wp-json\/wp\/v2\/tags?post=4704"}],"curies":[{"name":"wp","href":"https:\/\/api.w.org\/{rel}","templated":true}]}}