{"id":4707,"date":"2022-08-19T11:38:07","date_gmt":"2022-08-19T11:38:07","guid":{"rendered":"https:\/\/krankenhauspfarramt.de\/index.php\/2022\/08\/19\/oekumene-gipfel-soll-friedensimpuls-in-ukraine-senden-ekd\/"},"modified":"2022-08-19T11:38:09","modified_gmt":"2022-08-19T11:38:09","slug":"oekumene-gipfel-soll-friedensimpuls-in-ukraine-senden-ekd","status":"publish","type":"post","link":"https:\/\/krankenhauspfarramt.de\/index.php\/2022\/08\/19\/oekumene-gipfel-soll-friedensimpuls-in-ukraine-senden-ekd\/","title":{"rendered":"\u00d6kumene-Gipfel soll Friedensimpuls in Ukraine senden \u2013 EKD"},"content":{"rendered":"<p> <br \/>\n<\/p>\n<div>\n<p>\u201eWie die Delegation der russisch-orthodoxen Kirche zusammengesetzt ist, k\u00f6nnen wir nicht beeinflussen\u201c, f\u00fcgte Kurschus hinzu: \u201eAber wir hoffen sehr, dass Menschen dabei sind, die der russischen Kriegsf\u00fchrung kritisch gegen\u00fcberstehen, die also nicht die Haltung des Moskauer Patriarchen Kyrill vertreten.\u201c Erstmals in der \u00fcber 70-j\u00e4hrigen Geschichte des \u00d6kumenischen Rates der Kirchen (\u00d6RK) findet die Vollversammlung in Deutschland statt.<\/p>\n<p>Die EKD-Ratsvorsitzende erhofft sich von dem \u00d6kumene-Gipfel mit erwarteten mehr als 4.500 Teilnehmern auch wichtige Weichenstellungen, etwa beim Thema Klimagerechtigkeit. Sie sei zuversichtlich, dass \u201evon der kirchlichen Versammlung in Karlsruhe eine Art Weckruf in die weltweite Politik ausgehen wird\u201c. Die am wenigsten zur Klima-Katastrophe beitragen, litten derzeit am st\u00e4rksten unter den Folgen. Die Vollversammlung werde die Gelegenheit bieten, dazu intensiv in den Austausch zu treten. \u201eDas Thema der Klimagerechtigkeit betrifft den Kern unseres Glaubens\u201c, unterstrich die Theologin.<\/p>\n<p>Zum Nahost-Konflikt sagte Kurschus, es gebe \u201eseitens des \u00d6RK eine doppelte Verbundenheit: mit Israel und mit Pal\u00e4stina. Diese Grundlinie steht aus meiner Sicht nicht infrage.\u201c Der \u00d6RK h\u00f6re im Konfliktfall zuallererst auf die Stimmen der Mitgliedskirchen, die unmittelbar betroffen sind. Das werde auch hier geschehen: \u201eWir werden auf die kirchlichen Stimmen aus Israel und Pal\u00e4stina h\u00f6ren\u201c, sagte Kurschus mit Blick auf Kritiker, die dem Rat vorwerfen, einseitig f\u00fcr die Pal\u00e4stinenser Partei zu ergreifen.<\/p>\n<p>Der \u00d6kumenische Rat der Kirchen (\u00d6RK) wurde 1948 in Amsterdam gegr\u00fcndet. Dem Weltkirchenrat geh\u00f6ren 352 protestantische, anglikanische, orthodoxe und altkatholische Kirchen sowie Freikirchen aus mehr als 120 L\u00e4ndern an, die nach eigenen Angaben weltweit \u00fcber 580 Millionen Christinnen und Christen vertreten. Die r\u00f6misch-katholische Kirche ist nicht Mitglied, arbeitet jedoch seit Ende der 60er Jahre mit dem \u00d6RK zusammen.<\/p>\n<p class=\"md-authorline\" style=\"margin-left:0cm; margin-right:0cm; text-align:right\"><em>epd-Gespr\u00e4ch: Stephan Cezanne<\/em><\/p>\n<\/p><\/div>\n","protected":false},"excerpt":{"rendered":"<p>\u201eWie die Delegation der russisch-orthodoxen Kirche zusammengesetzt ist, k\u00f6nnen wir nicht beeinflussen\u201c, f\u00fcgte Kurschus hinzu: \u201eAber wir hoffen sehr, dass<\/p>\n","protected":false},"author":1,"featured_media":3903,"comment_status":"closed","ping_status":"closed","sticky":false,"template":"","format":"standard","meta":{"footnotes":""},"categories":[20],"tags":[],"_links":{"self":[{"href":"https:\/\/krankenhauspfarramt.de\/index.php\/wp-json\/wp\/v2\/posts\/4707"}],"collection":[{"href":"https:\/\/krankenhauspfarramt.de\/index.php\/wp-json\/wp\/v2\/posts"}],"about":[{"href":"https:\/\/krankenhauspfarramt.de\/index.php\/wp-json\/wp\/v2\/types\/post"}],"author":[{"embeddable":true,"href":"https:\/\/krankenhauspfarramt.de\/index.php\/wp-json\/wp\/v2\/users\/1"}],"replies":[{"embeddable":true,"href":"https:\/\/krankenhauspfarramt.de\/index.php\/wp-json\/wp\/v2\/comments?post=4707"}],"version-history":[{"count":1,"href":"https:\/\/krankenhauspfarramt.de\/index.php\/wp-json\/wp\/v2\/posts\/4707\/revisions"}],"predecessor-version":[{"id":4708,"href":"https:\/\/krankenhauspfarramt.de\/index.php\/wp-json\/wp\/v2\/posts\/4707\/revisions\/4708"}],"wp:featuredmedia":[{"embeddable":true,"href":"https:\/\/krankenhauspfarramt.de\/index.php\/wp-json\/wp\/v2\/media\/3903"}],"wp:attachment":[{"href":"https:\/\/krankenhauspfarramt.de\/index.php\/wp-json\/wp\/v2\/media?parent=4707"}],"wp:term":[{"taxonomy":"category","embeddable":true,"href":"https:\/\/krankenhauspfarramt.de\/index.php\/wp-json\/wp\/v2\/categories?post=4707"},{"taxonomy":"post_tag","embeddable":true,"href":"https:\/\/krankenhauspfarramt.de\/index.php\/wp-json\/wp\/v2\/tags?post=4707"}],"curies":[{"name":"wp","href":"https:\/\/api.w.org\/{rel}","templated":true}]}}