{"id":4719,"date":"2022-08-24T11:23:05","date_gmt":"2022-08-24T11:23:05","guid":{"rendered":"https:\/\/krankenhauspfarramt.de\/index.php\/2022\/08\/24\/menschen-mit-wenig-geld-viel-staerker-entlasten-ekd\/"},"modified":"2022-08-24T11:23:07","modified_gmt":"2022-08-24T11:23:07","slug":"menschen-mit-wenig-geld-viel-staerker-entlasten-ekd","status":"publish","type":"post","link":"https:\/\/krankenhauspfarramt.de\/index.php\/2022\/08\/24\/menschen-mit-wenig-geld-viel-staerker-entlasten-ekd\/","title":{"rendered":"Menschen mit wenig Geld viel st\u00e4rker entlasten \u2013 EKD"},"content":{"rendered":"<p> <br \/>\n<\/p>\n<div>\n<p>Dortmund (epd). Die Ratsvorsitzende der Evangelischen Kirche in Deutschland (EKD), Annette Kurschus, dringt angesichts steigender Lebenshaltungskosten auf eine st\u00e4rkere staatliche Entlastung von Menschen mit wenig Geld. Statt nach dem \u201eGie\u00dfkannenprinzip\u201c alle B\u00fcrger in gleichem Ma\u00dfe zu bedenken, m\u00fcssten jetzt \u201edie, die wenig haben, eine richtig satte Entlastung bekommen\u201c, sagte Kurschus am Dienstagabend in Dortmund. Sie br\u00e4uchten \u201eUnterst\u00fctzung von denen, die mehr haben\u201c. Das Prinzip \u201eJedem das Gleiche\u201c k\u00f6nne manchmal furchtbar ungerecht sein.<\/p>\n<\/p><\/div>\n<div id=\"\">\n<p>\u201eWir blicken auf einen Herbst und einen Winter, vielleicht auch auf ganze Jahre, wo viele in unserer Bev\u00f6lkerung gar nicht wissen, wie sie ihren Lebensunterhalt bestreiten sollen, wie sie heizen sollen\u201c, sagte die leitende Theologin der Evangelischen Kirche von Westfalen. \u201eWir haben jetzt die Leute an der Armutsgrenze zu unterst\u00fctzen.\u201c Es sei zu bef\u00fcrchten, dass es f\u00fcr viele Menschen \u201ewirklich ans Existenzminimum geht\u201c. Die Kirche werde daher in dieser Frage laut ihre Stimme erheben.<\/p>\n<p>\u201eWir haben den Auftrag, an der Seite der Armen zu sein\u201c, betonte die westf\u00e4lische Pr\u00e4ses. Diesen biblischen Auftrag wolle die evangelische Kirche durch diakonischen Einsatz erf\u00fcllen, etwa mit W\u00e4rmer\u00e4umen und Essensausgaben, aber auch durch Forderungen an den Staat. \u201eDa werden wir laut werden\u201c, k\u00fcndigte die EKD-Ratsvorsitzende an.<\/p>\n<p>Angesichts anhaltender Inflation und hoher Energiepreise hatte die Bundesregierung zwei sogenannte Entlastungspakete geschn\u00fcrt. Zun\u00e4chst waren die EEG-Umlage abgeschafft sowie ein Heizkostenzuschuss f\u00fcr Wohngeldempf\u00e4nger und Steuererleichterungen beschlossen worden. Im zweiten Paket folgten das 9-Euro-Ticket f\u00fcr den Nahverkehr, das Ende August ausl\u00e4uft, der Tankrabatt, die Energiepauschale von 300 Euro f\u00fcr einkommensteuerpflichtige Erwerbst\u00e4tige, eine Einmalzahlung pro Kind von 100 Euro und in H\u00f6he von 200 Euro f\u00fcr Empf\u00e4ngerinnen und Empf\u00e4nger von Sozialleistungen. Ein drittes Entlastungspaket ist in Arbeit.<br \/>\u00a0<\/p>\n<\/div>\n","protected":false},"excerpt":{"rendered":"<p>Dortmund (epd). Die Ratsvorsitzende der Evangelischen Kirche in Deutschland (EKD), Annette Kurschus, dringt angesichts steigender Lebenshaltungskosten auf eine st\u00e4rkere staatliche<\/p>\n","protected":false},"author":1,"featured_media":3545,"comment_status":"closed","ping_status":"closed","sticky":false,"template":"","format":"standard","meta":{"footnotes":""},"categories":[20],"tags":[],"_links":{"self":[{"href":"https:\/\/krankenhauspfarramt.de\/index.php\/wp-json\/wp\/v2\/posts\/4719"}],"collection":[{"href":"https:\/\/krankenhauspfarramt.de\/index.php\/wp-json\/wp\/v2\/posts"}],"about":[{"href":"https:\/\/krankenhauspfarramt.de\/index.php\/wp-json\/wp\/v2\/types\/post"}],"author":[{"embeddable":true,"href":"https:\/\/krankenhauspfarramt.de\/index.php\/wp-json\/wp\/v2\/users\/1"}],"replies":[{"embeddable":true,"href":"https:\/\/krankenhauspfarramt.de\/index.php\/wp-json\/wp\/v2\/comments?post=4719"}],"version-history":[{"count":1,"href":"https:\/\/krankenhauspfarramt.de\/index.php\/wp-json\/wp\/v2\/posts\/4719\/revisions"}],"predecessor-version":[{"id":4720,"href":"https:\/\/krankenhauspfarramt.de\/index.php\/wp-json\/wp\/v2\/posts\/4719\/revisions\/4720"}],"wp:featuredmedia":[{"embeddable":true,"href":"https:\/\/krankenhauspfarramt.de\/index.php\/wp-json\/wp\/v2\/media\/3545"}],"wp:attachment":[{"href":"https:\/\/krankenhauspfarramt.de\/index.php\/wp-json\/wp\/v2\/media?parent=4719"}],"wp:term":[{"taxonomy":"category","embeddable":true,"href":"https:\/\/krankenhauspfarramt.de\/index.php\/wp-json\/wp\/v2\/categories?post=4719"},{"taxonomy":"post_tag","embeddable":true,"href":"https:\/\/krankenhauspfarramt.de\/index.php\/wp-json\/wp\/v2\/tags?post=4719"}],"curies":[{"name":"wp","href":"https:\/\/api.w.org\/{rel}","templated":true}]}}